{"id":66239,"date":"2020-08-28T13:08:22","date_gmt":"2020-08-28T16:08:22","guid":{"rendered":"https:\/\/www.actualidadadiario.com\/?p=66239"},"modified":"2020-08-28T13:08:22","modified_gmt":"2020-08-28T16:08:22","slug":"el-28-de-agosto-de-1963-martin-luther-king-pronuncio-una-de-los-discursos-mas-recordados-de-la-historia","status":"publish","type":"post","link":"https:\/\/www.actualidadadiario.com\/index.php\/2020\/08\/28\/el-28-de-agosto-de-1963-martin-luther-king-pronuncio-una-de-los-discursos-mas-recordados-de-la-historia\/","title":{"rendered":"El 28 de agosto de 1963 Martin Luther King pronunci\u00f3 una de los discursos m\u00e1s recordados de la historia"},"content":{"rendered":"<p style=\"text-align: center;\"><em><strong>El referente de los derechos civiles habl\u00f3 de las &#8220;cadenas de la discriminaci\u00f3n&#8221; y de &#8220;la larga noche del cautiverio&#8221;<\/strong><\/em><\/p>\n<p>&nbsp;<\/p>\n<p>&nbsp;<\/p>\n<p>El 28 de agosto de 1963, unas 250 mil personas (en su gran mayor\u00eda afroamericanos, aunque con una importante participaci\u00f3n de blancos), se trasladaron a los jardines de la Explanada Nacional de la ciudad de Washington, capital de Estados Unidos. Los mov\u00eda el anhelo de acabar con la segregaci\u00f3n f\u00e1ctica (negros con sueldos m\u00e1s bajos que los blancos, por ejemplo), y el rechazo en general a un status quo todav\u00eda muy pendiente de las tonalidades epid\u00e9rmicas.<\/p>\n<p>Tras los c\u00e1nticos, las alabanzas y las palabras de los otros oradores, el reverendo King se adue\u00f1\u00f3 del teatro. Lo hizo con las credenciales de organizador de la marcha, de mandam\u00e1s de la influyente Conferencia Sur de Liderazgo Cristiano, y de emblema en la lucha por la justicia social y la desobediencia civil no violenta.<\/p>\n<p>A sus espaldas ten\u00eda la estatua de Abraham Lincoln (justo quien un siglo antes, en 1863, hab\u00eda declarado la liberaci\u00f3n de todos los esclavos del pa\u00eds), y de frente el Capitolio, uno de los s\u00edmbolos m\u00e1ximos del poder pol\u00edtico estadounidense. Punzantes, las met\u00e1foras hincaban la atenci\u00f3n del mundo.<\/p>\n<p>La arenga vino a coronar una jornada muy especial. Empujadas por una poblaci\u00f3n negra cuya realidad de abusos, discriminaci\u00f3n y desigualdad ya hac\u00eda met\u00e1stasis en el resto del padr\u00f3n nacional, diferentes organizaciones religiosas, sindicales y de derechos civiles prepararon la llamada \u201cMarcha sobre Washington\u201d.<\/p>\n<p>El pastor de la iglesia bautista comenz\u00f3 su catarsis bien pensada, escrita y hablada, repleta de referencias a la libertad y a Dios. En 16 minutos y monedas, resumi\u00f3 las vicisitudes de la raza negra en la naci\u00f3n m\u00e1s poderosa del planeta, y llam\u00f3 a los cielos y a las conciencias para revertir el escenario. Su aporte a la causa fue determinante. No pod\u00eda ser de otra manera, cuando en el empe\u00f1o utiliz\u00f3 frases como la que sigue: \u201cYo tengo un sue\u00f1o, que mis cuatro hijos peque\u00f1os un d\u00eda vivir\u00e1n en una naci\u00f3n en donde no ser\u00e1n juzgados por el color de su piel sino por el contenido de su car\u00e1cter\u201d.<\/p>\n","protected":false},"excerpt":{"rendered":"<p>El referente de los derechos civiles habl\u00f3 de las &#8220;cadenas de la discriminaci\u00f3n&#8221; y de &#8220;la larga noche del cautiverio&#8221; &nbsp; &nbsp; El 28 de agosto de 1963, unas 250 mil personas (en su gran mayor\u00eda afroamericanos, aunque con una importante participaci\u00f3n de blancos), se trasladaron a los jardines de la Explanada Nacional de la ciudad de Washington, capital de Estados Unidos. Los mov\u00eda el anhelo de acabar con la segregaci\u00f3n f\u00e1ctica (negros con sueldos m\u00e1s bajos que los blancos, por ejemplo), y el rechazo en general a un status&#8230;<\/p>\n","protected":false},"author":3,"featured_media":66240,"comment_status":"closed","ping_status":"closed","sticky":false,"template":"","format":"standard","meta":[],"categories":[4],"tags":[],"_links":{"self":[{"href":"https:\/\/www.actualidadadiario.com\/index.php\/wp-json\/wp\/v2\/posts\/66239"}],"collection":[{"href":"https:\/\/www.actualidadadiario.com\/index.php\/wp-json\/wp\/v2\/posts"}],"about":[{"href":"https:\/\/www.actualidadadiario.com\/index.php\/wp-json\/wp\/v2\/types\/post"}],"author":[{"embeddable":true,"href":"https:\/\/www.actualidadadiario.com\/index.php\/wp-json\/wp\/v2\/users\/3"}],"replies":[{"embeddable":true,"href":"https:\/\/www.actualidadadiario.com\/index.php\/wp-json\/wp\/v2\/comments?post=66239"}],"version-history":[{"count":1,"href":"https:\/\/www.actualidadadiario.com\/index.php\/wp-json\/wp\/v2\/posts\/66239\/revisions"}],"predecessor-version":[{"id":66241,"href":"https:\/\/www.actualidadadiario.com\/index.php\/wp-json\/wp\/v2\/posts\/66239\/revisions\/66241"}],"wp:featuredmedia":[{"embeddable":true,"href":"https:\/\/www.actualidadadiario.com\/index.php\/wp-json\/wp\/v2\/media\/66240"}],"wp:attachment":[{"href":"https:\/\/www.actualidadadiario.com\/index.php\/wp-json\/wp\/v2\/media?parent=66239"}],"wp:term":[{"taxonomy":"category","embeddable":true,"href":"https:\/\/www.actualidadadiario.com\/index.php\/wp-json\/wp\/v2\/categories?post=66239"},{"taxonomy":"post_tag","embeddable":true,"href":"https:\/\/www.actualidadadiario.com\/index.php\/wp-json\/wp\/v2\/tags?post=66239"}],"curies":[{"name":"wp","href":"https:\/\/api.w.org\/{rel}","templated":true}]}}