{"id":66233,"date":"2020-08-28T13:06:51","date_gmt":"2020-08-28T16:06:51","guid":{"rendered":"https:\/\/www.actualidadadiario.com\/?p=66233"},"modified":"2020-08-28T13:06:51","modified_gmt":"2020-08-28T16:06:51","slug":"renuncio-shinzo-abe-primer-ministro-de-japon","status":"publish","type":"post","link":"https:\/\/www.actualidadadiario.com\/index.php\/2020\/08\/28\/renuncio-shinzo-abe-primer-ministro-de-japon\/","title":{"rendered":"Renunci\u00f3 Shinzo Abe, primer ministro de Jap\u00f3n"},"content":{"rendered":"<p style=\"text-align: center;\"><em><strong>Es el premier con m\u00e1s tiempo en el cargo de forma ininterrumpida en la historia de su pa\u00eds, con 2.799 d\u00edas consecutivos. Inform\u00f3 que tiene colitis ulcerativa, una enfermedad intestinal inflamatoria cr\u00f3nica que ya lo forz\u00f3 a dejar el poder en 2007<\/strong><\/em><\/p>\n<p>&nbsp;<\/p>\n<p>&nbsp;<\/p>\n<p>&nbsp;<\/p>\n<p>El primer ministro de Jap\u00f3n, Shinzo Abe, renunci\u00f3 este viernes a su cargo por problemas de salud, luego de varias semanas de especulaciones en relaci\u00f3n a su estado. &#8220;Como ya no estoy en condici\u00f3n de responder con confianza al mandato de los ciudadanos, he decidido que deber\u00eda no seguir en el puesto de primer ministro&#8221;, sostuvo el propio Abe en conferencia de prensa.<\/p>\n<p>Explic\u00f3 que estaba sufriendo de nuevo colitis ulcerativa, una enfermedad intestinal inflamatoria cr\u00f3nica, que ya le forz\u00f3 a dejar el poder en 2007. &#8220;Voy a continuar cumpliendo mis funciones hasta que un nuevo primer ministro sea nombrado&#8221;, a\u00f1adi\u00f3.<\/p>\n<p>Abe dijo estar &#8220;profundamente triste&#8221; de dejar su puesto un a\u00f1o antes de la fecha prevista y en plena crisis del coronavirus.<\/p>\n<p>&nbsp;<\/p>\n<p><strong>El primer ministro m\u00e1s longevo<\/strong><\/p>\n<p>Nacionalista y pragm\u00e1tico, Abe hab\u00eda batido recientemente el r\u00e9cord absoluto de longevidad como primer ministro de Jap\u00f3n. Llevaba en el cargo 2.799 d\u00edas de forma ininterrumpida al frente del Gobierno.<\/p>\n<p>Tras un paso fallido por el poder en 2006-2007, acortado por una serie de esc\u00e1ndalos y por su enfermedad del intestino, Abe volvi\u00f3 a la jefatura de gobierno en diciembre de 2012. Cerraba as\u00ed el periodo en el que la centroizquierda ocup\u00f3 el ejecutivo, entre 2009 y 2012, marcado por los luctuosos sismo y tsunami de marzo de 2011, que origin\u00f3 la cat\u00e1strofe nuclear de Fukushima.<\/p>\n<p>&nbsp;<\/p>\n<p><strong>&#8220;Abenomics&#8221;<\/strong><\/p>\n<p>Con el anuncio de su renuncia como primer ministro por motivos de salud, Abe deja inacabado uno de sus proyectos estrella, el &#8220;Abenomics&#8221;, un mastod\u00f3ntico programa de est\u00edmulo que pretend\u00eda reactivar la econom\u00eda japonesa para volver a colocarla entre las primeras del mundo.<\/p>\n<p>Al retornar al poder en diciembre de 2012, Abe present\u00f3 un programa basado en &#8220;tres flechas&#8221; -el concepto se inspira en una conocida leyenda folcl\u00f3rica medieval de la regi\u00f3n de la que es oriundo-: reformas estructurales, aumento del gasto p\u00fablico y un volumen de flexibilizaci\u00f3n monetaria por entonces no visto hasta la fecha.<\/p>\n<p>Al &#8220;Abenomics&#8221; se le puede atribuir un crecimiento sostenido del PIB durante casi una d\u00e9cada o una estabilizaci\u00f3n del \u00edndice de deuda a ingresos en el sector p\u00fablico, pese a la recesi\u00f3n que ha generado la pandemia de covid-19 en el archipi\u00e9lago.<\/p>\n<p>&nbsp;<\/p>\n<p><strong>Los posibles sucesores de Abe<\/strong><\/p>\n<p>El nuevo jefe de gobierno ser\u00e1 probablemente el vencedor de las elecciones por la presidencia del Partido liberal-dem\u00f3crata, dirigido actualmente por Abe.<\/p>\n<p>El primer ministro no quiso referirse al tema de su posible sucesor en la rueda de prensa y afirm\u00f3 que &#8220;todos los nombres que circulan hacen referencia a personas muy capacitadas&#8221;.<\/p>\n<p>El portavoz del gobierno, Yoshihide Suga, y el ministro de Finanzas, Taro Aso, suenan con fuerza como posibles sucesores.<\/p>\n","protected":false},"excerpt":{"rendered":"<p>Es el premier con m\u00e1s tiempo en el cargo de forma ininterrumpida en la historia de su pa\u00eds, con 2.799 d\u00edas consecutivos. Inform\u00f3 que tiene colitis ulcerativa, una enfermedad intestinal inflamatoria cr\u00f3nica que ya lo forz\u00f3 a dejar el poder en 2007 &nbsp; &nbsp; &nbsp; El primer ministro de Jap\u00f3n, Shinzo Abe, renunci\u00f3 este viernes a su cargo por problemas de salud, luego de varias semanas de especulaciones en relaci\u00f3n a su estado. &#8220;Como ya no estoy en condici\u00f3n de responder con confianza al mandato de los ciudadanos, he decidido&#8230;<\/p>\n","protected":false},"author":3,"featured_media":66234,"comment_status":"closed","ping_status":"closed","sticky":false,"template":"","format":"standard","meta":[],"categories":[4],"tags":[],"_links":{"self":[{"href":"https:\/\/www.actualidadadiario.com\/index.php\/wp-json\/wp\/v2\/posts\/66233"}],"collection":[{"href":"https:\/\/www.actualidadadiario.com\/index.php\/wp-json\/wp\/v2\/posts"}],"about":[{"href":"https:\/\/www.actualidadadiario.com\/index.php\/wp-json\/wp\/v2\/types\/post"}],"author":[{"embeddable":true,"href":"https:\/\/www.actualidadadiario.com\/index.php\/wp-json\/wp\/v2\/users\/3"}],"replies":[{"embeddable":true,"href":"https:\/\/www.actualidadadiario.com\/index.php\/wp-json\/wp\/v2\/comments?post=66233"}],"version-history":[{"count":1,"href":"https:\/\/www.actualidadadiario.com\/index.php\/wp-json\/wp\/v2\/posts\/66233\/revisions"}],"predecessor-version":[{"id":66235,"href":"https:\/\/www.actualidadadiario.com\/index.php\/wp-json\/wp\/v2\/posts\/66233\/revisions\/66235"}],"wp:featuredmedia":[{"embeddable":true,"href":"https:\/\/www.actualidadadiario.com\/index.php\/wp-json\/wp\/v2\/media\/66234"}],"wp:attachment":[{"href":"https:\/\/www.actualidadadiario.com\/index.php\/wp-json\/wp\/v2\/media?parent=66233"}],"wp:term":[{"taxonomy":"category","embeddable":true,"href":"https:\/\/www.actualidadadiario.com\/index.php\/wp-json\/wp\/v2\/categories?post=66233"},{"taxonomy":"post_tag","embeddable":true,"href":"https:\/\/www.actualidadadiario.com\/index.php\/wp-json\/wp\/v2\/tags?post=66233"}],"curies":[{"name":"wp","href":"https:\/\/api.w.org\/{rel}","templated":true}]}}