{"id":66224,"date":"2020-08-28T13:03:26","date_gmt":"2020-08-28T16:03:26","guid":{"rendered":"https:\/\/www.actualidadadiario.com\/?p=66224"},"modified":"2020-08-28T13:03:26","modified_gmt":"2020-08-28T16:03:26","slug":"peru-se-afianza-como-el-pais-con-la-mayor-tasa-de-mortalidad-de-la-pandemia","status":"publish","type":"post","link":"https:\/\/www.actualidadadiario.com\/index.php\/2020\/08\/28\/peru-se-afianza-como-el-pais-con-la-mayor-tasa-de-mortalidad-de-la-pandemia\/","title":{"rendered":"Per\u00fa se afianza como el pa\u00eds con la mayor tasa de mortalidad de la pandemia"},"content":{"rendered":"<p style=\"text-align: center;\"><em><strong>El pa\u00eds latinoamericano alcanz\u00f3 las 28.124 muertes, por lo que la enfermedad registra un 4,56% de letalidad, seg\u00fan datos del Ministerio de Salud peruano. Adem\u00e1s, es el sexto pa\u00eds con m\u00e1s casos<\/strong><\/em><\/p>\n<p>&nbsp;<\/p>\n<p>&nbsp;<\/p>\n<p>Per\u00fa registra 858 muertes de coronavirus por mill\u00f3n de habitantes, con lo que se afianza hoy como el pa\u00eds con mayor tasa de mortalidad de la enfermedad, seguido por B\u00e9lgica, seg\u00fan los c\u00e1lculos de los \u00faltimos datos del Instituto Nacional de Estad\u00edstica e Inform\u00e1tica (INEI).<\/p>\n<p>El pa\u00eds latinoamericano alcanz\u00f3 hoy las 28.124 muertes, por lo que la enfermedad registra un 4,56% de letalidad, seg\u00fan datos del Ministerio de Salud peruano. Adem\u00e1s, con 613.378 contagios, es el sexto pa\u00eds con m\u00e1s casos.<\/p>\n<p>El Gobierno peruano atribuy\u00f3 tener la m\u00e1s alta tasa de mortalidad en el mundo al hecho de haber incluido la cifra de decesos sospechosos por la enfermedad en el n\u00famero de muertes con prueba confirmada hasta la fecha, mientras que B\u00e9lgica pas\u00f3 al segundo lugar, luego de que el Gobierno corrigiese su cifra de fallecidos y restara 121 a su balance sobre el impacto de la enfermedad.<\/p>\n<p>&#8220;Hay varios factores que est\u00e1n concurriendo para que el pa\u00eds tenga la mayor tasa de mortalidad&#8221;, declar\u00f3 hoy el presidente del Consejo de Ministros, Walter Martos, entre las cuales mencion\u00f3 que Per\u00fa est\u00e1 &#8220;transparentando el n\u00famero de fallecidos&#8221;.<\/p>\n<p>&#8220;No conozco otro pa\u00eds, aparte del Per\u00fa, que durante la pandemia est\u00e9 siendo transparente con el n\u00famero de fallecidos (&#8230;) hay n\u00fameros de sospechosos de Covid que han pasado (al registro oficial) y eso eleva el n\u00famero a nivel mundial&#8221;, afirm\u00f3.<\/p>\n<p>De hecho, el Gobierno belga se mostr\u00f3 reacio a transparentar sus cifras, una omisi\u00f3n que no despert\u00f3 alertas por parte de la comunidad internacional.<\/p>\n<p>La nueva tasa de mortalidad del coronavirus en B\u00e9lgica se situ\u00f3 en 855 muertos por cada mill\u00f3n de habitantes al reportar ahora 9.878 decesos entre una poblaci\u00f3n de algo m\u00e1s de 11,5 millones de habitantes.<\/p>\n<p>Hasta hace unos d\u00edas, la cifra de decesos en B\u00e9lgica se hab\u00eda acercado a los 10.000, pero ayer se fij\u00f3 en 9.878, seg\u00fan el instituto cient\u00edfico de salud p\u00fablica Sciensano.<\/p>\n<p>Asimismo, Martos anunci\u00f3 hoy que, debido al avance del coronavirus en el pa\u00eds, esta tarde el Consejo de Ministros tomar\u00e1 nuevas medidas restrictivas, inform\u00f3 el medio local El Correo.<\/p>\n<p>La cartera de Salud peruana hizo dos actualizaciones sobre el n\u00famero de muertos oficial, despu\u00e9s de analizar las cifras registradas en el Sistema Nacional de Defunciones, donde los documentos se\u00f1alaban como la causa de muerte la Covid, a pesar de que el difunto no hab\u00eda sido sometido a las pruebas.<\/p>\n<p>Las muertes sospechosas en Per\u00fa ascienden a 10.443, seg\u00fan el \u00faltimo reporte publicado el 18 de agosto por el Centro Nacional de Epidemiolog\u00eda, Prevenci\u00f3n y Control de Enfermedades del Ministerio de Salud.<\/p>\n<p>El Sistema Nacional de Defunciones (Sinadef) inform\u00f3 que se llegaron a registrar picos de casi 700 muertes diarias durante la pandemia.<\/p>\n<p>Estos valores descendieron desde hace dos semanas a 200 fallecidos en 24 horas, y ayer se registraron 123 decesos.<\/p>\n<p>&#8220;Eso no quiere decir que hemos vencido, la pandemia sigue&#8221;, aclar\u00f3 Martos.<\/p>\n<p>El Colegio M\u00e9dico pidi\u00f3 no bajar la guardia y que se refuercen las acciones.<\/p>\n<p>El primer caso de coronavirus se registr\u00f3 en Per\u00fa el 6 de marzo y el 16 del mismo mes el Gobierno impuso una cuarentena general que dur\u00f3 hasta el 30 de junio.<\/p>\n<p>\u201cEntre el 18 y 20 de abril se produjo el levantamiento de facto de la cuarentena por parte de la poblaci\u00f3n\u201d, explic\u00f3 Miguel Palacios, decano del Colegio M\u00e9dico del Per\u00fa (SMP), inform\u00f3 el diario local La Rep\u00fablica.<\/p>\n<p>La medida de confinamiento se levant\u00f3 el 1 de julio, cuando comenz\u00f3 una nueva etapa de lucha contra la enfermedad que consisti\u00f3 en la implementaci\u00f3n de una cuarentena focalizada.<\/p>\n<p>Varios expertos ya hab\u00edan advertido que la relajaci\u00f3n de medidas generaba un incremento en las cifras.<\/p>\n","protected":false},"excerpt":{"rendered":"<p>El pa\u00eds latinoamericano alcanz\u00f3 las 28.124 muertes, por lo que la enfermedad registra un 4,56% de letalidad, seg\u00fan datos del Ministerio de Salud peruano. Adem\u00e1s, es el sexto pa\u00eds con m\u00e1s casos &nbsp; &nbsp; Per\u00fa registra 858 muertes de coronavirus por mill\u00f3n de habitantes, con lo que se afianza hoy como el pa\u00eds con mayor tasa de mortalidad de la enfermedad, seguido por B\u00e9lgica, seg\u00fan los c\u00e1lculos de los \u00faltimos datos del Instituto Nacional de Estad\u00edstica e Inform\u00e1tica (INEI). El pa\u00eds latinoamericano alcanz\u00f3 hoy las 28.124 muertes, por lo que&#8230;<\/p>\n","protected":false},"author":3,"featured_media":66225,"comment_status":"closed","ping_status":"closed","sticky":false,"template":"","format":"standard","meta":[],"categories":[4],"tags":[],"_links":{"self":[{"href":"https:\/\/www.actualidadadiario.com\/index.php\/wp-json\/wp\/v2\/posts\/66224"}],"collection":[{"href":"https:\/\/www.actualidadadiario.com\/index.php\/wp-json\/wp\/v2\/posts"}],"about":[{"href":"https:\/\/www.actualidadadiario.com\/index.php\/wp-json\/wp\/v2\/types\/post"}],"author":[{"embeddable":true,"href":"https:\/\/www.actualidadadiario.com\/index.php\/wp-json\/wp\/v2\/users\/3"}],"replies":[{"embeddable":true,"href":"https:\/\/www.actualidadadiario.com\/index.php\/wp-json\/wp\/v2\/comments?post=66224"}],"version-history":[{"count":1,"href":"https:\/\/www.actualidadadiario.com\/index.php\/wp-json\/wp\/v2\/posts\/66224\/revisions"}],"predecessor-version":[{"id":66226,"href":"https:\/\/www.actualidadadiario.com\/index.php\/wp-json\/wp\/v2\/posts\/66224\/revisions\/66226"}],"wp:featuredmedia":[{"embeddable":true,"href":"https:\/\/www.actualidadadiario.com\/index.php\/wp-json\/wp\/v2\/media\/66225"}],"wp:attachment":[{"href":"https:\/\/www.actualidadadiario.com\/index.php\/wp-json\/wp\/v2\/media?parent=66224"}],"wp:term":[{"taxonomy":"category","embeddable":true,"href":"https:\/\/www.actualidadadiario.com\/index.php\/wp-json\/wp\/v2\/categories?post=66224"},{"taxonomy":"post_tag","embeddable":true,"href":"https:\/\/www.actualidadadiario.com\/index.php\/wp-json\/wp\/v2\/tags?post=66224"}],"curies":[{"name":"wp","href":"https:\/\/api.w.org\/{rel}","templated":true}]}}