{"id":66222,"date":"2020-08-28T13:02:19","date_gmt":"2020-08-28T16:02:19","guid":{"rendered":"https:\/\/www.actualidadadiario.com\/?p=66222"},"modified":"2020-08-28T13:02:19","modified_gmt":"2020-08-28T16:02:19","slug":"acuerdo-federal-el-presidente-firmara-la-federalizacion-de-la-hidrovia-parana-paraguay","status":"publish","type":"post","link":"https:\/\/www.actualidadadiario.com\/index.php\/2020\/08\/28\/acuerdo-federal-el-presidente-firmara-la-federalizacion-de-la-hidrovia-parana-paraguay\/","title":{"rendered":"Acuerdo Federal: el Presidente firmar\u00e1 la federalizaci\u00f3n de la Hidrov\u00eda Paran\u00e1-Paraguay"},"content":{"rendered":"<p style=\"text-align: center;\"><em><strong>Junto a los gobernadores de los distritos que tienen costa sobre el r\u00edo Paran\u00e1, Alberto Fern\u00e1ndez &#8211; en horas de la tarde &#8211; dar\u00e1 el puntapi\u00e9 inicial hacia el nuevo esquema de administraci\u00f3n del corredor fluvial, que ser\u00e1 compartido por la Naci\u00f3n y las provincias<\/strong><\/em><\/p>\n<p>&nbsp;<\/p>\n<p>&nbsp;<\/p>\n<p>El presidente Alberto Fern\u00e1ndez firmar\u00e1 este viernes, desde Puerto General San Mart\u00edn, una serie de cambios respecto de la administraci\u00f3n de la Hidrov\u00eda Paran\u00e1-Paraguay, en los cuales el gobierno nacional viene trabajando desde hace meses.<\/p>\n<p>La principal novedad es la conformaci\u00f3n de un consorcio entre la Naci\u00f3n y las siete provincias involucradas que tendr\u00e1 a su cargo la administraci\u00f3n de la \u201cautopista fluvial\u201d por el cual circulan aproximadamente el 70% de las exportaciones del pa\u00eds.<\/p>\n<p>El anuncio presidencial est\u00e1 previsto para la 16, y participar\u00e1n junto a Fern\u00e1ndez los gobernadores de Santa Fe, Buenos Aires, Corrientes, Chaco, Entre R\u00edos, Formosa y Misiones.<\/p>\n<p>Por un lado, el gobierno anunciar\u00e1 la extensi\u00f3n por un a\u00f1o de la actual concesi\u00f3n del dragado y balizamiento de la Hidrov\u00eda \u2013 en manos de la firma belga Jan de Nul y la argentina EMEPA -, que venc\u00eda en mayo de 2021, para poder preparar cambios de fondo para la nueva licitaci\u00f3n.<\/p>\n<p>Por otro lado, se confirmar\u00e1 el armado de una sociedad del Estado cuyo accionista mayoritario ser\u00e1 la Naci\u00f3n (con el 51%) y con participaci\u00f3n de las siete provincias que tienen costa sobre el r\u00edo Paran\u00e1, que tendr\u00e1n el 7% de las acciones cada una. Ese consorcio tendr\u00e1 a su cargo el desarrollo y la administraci\u00f3n de la Hidrov\u00eda, en principio, desde el a\u00f1o 2022.<\/p>\n<p>La sociedad estatal ser\u00e1 la encargada de licitar las obras de acondicionamiento y el cobro de los peajes a los usuarios, por lo cual se cambiar\u00e1 el sistema actual en el que el concesionario privado de las tareas tiene a su cargo el cobro del peaje.<\/p>\n<p>Cuando viaj\u00f3 a Santa Fe para participar de la asunci\u00f3n del gobernador Omar Perotti, en diciembre de 2019, el presidente Fern\u00e1ndez prometi\u00f3 \u201cdevolverles a las provincias\u201d la administraci\u00f3n de la Hidrov\u00eda. Este viernes comenzar\u00e1 a cumplir ese compromiso.<\/p>\n","protected":false},"excerpt":{"rendered":"<p>Junto a los gobernadores de los distritos que tienen costa sobre el r\u00edo Paran\u00e1, Alberto Fern\u00e1ndez &#8211; en horas de la tarde &#8211; dar\u00e1 el puntapi\u00e9 inicial hacia el nuevo esquema de administraci\u00f3n del corredor fluvial, que ser\u00e1 compartido por la Naci\u00f3n y las provincias &nbsp; &nbsp; El presidente Alberto Fern\u00e1ndez firmar\u00e1 este viernes, desde Puerto General San Mart\u00edn, una serie de cambios respecto de la administraci\u00f3n de la Hidrov\u00eda Paran\u00e1-Paraguay, en los cuales el gobierno nacional viene trabajando desde hace meses. La principal novedad es la conformaci\u00f3n de un&#8230;<\/p>\n","protected":false},"author":3,"featured_media":62772,"comment_status":"closed","ping_status":"closed","sticky":false,"template":"","format":"standard","meta":[],"categories":[9],"tags":[],"_links":{"self":[{"href":"https:\/\/www.actualidadadiario.com\/index.php\/wp-json\/wp\/v2\/posts\/66222"}],"collection":[{"href":"https:\/\/www.actualidadadiario.com\/index.php\/wp-json\/wp\/v2\/posts"}],"about":[{"href":"https:\/\/www.actualidadadiario.com\/index.php\/wp-json\/wp\/v2\/types\/post"}],"author":[{"embeddable":true,"href":"https:\/\/www.actualidadadiario.com\/index.php\/wp-json\/wp\/v2\/users\/3"}],"replies":[{"embeddable":true,"href":"https:\/\/www.actualidadadiario.com\/index.php\/wp-json\/wp\/v2\/comments?post=66222"}],"version-history":[{"count":1,"href":"https:\/\/www.actualidadadiario.com\/index.php\/wp-json\/wp\/v2\/posts\/66222\/revisions"}],"predecessor-version":[{"id":66223,"href":"https:\/\/www.actualidadadiario.com\/index.php\/wp-json\/wp\/v2\/posts\/66222\/revisions\/66223"}],"wp:featuredmedia":[{"embeddable":true,"href":"https:\/\/www.actualidadadiario.com\/index.php\/wp-json\/wp\/v2\/media\/62772"}],"wp:attachment":[{"href":"https:\/\/www.actualidadadiario.com\/index.php\/wp-json\/wp\/v2\/media?parent=66222"}],"wp:term":[{"taxonomy":"category","embeddable":true,"href":"https:\/\/www.actualidadadiario.com\/index.php\/wp-json\/wp\/v2\/categories?post=66222"},{"taxonomy":"post_tag","embeddable":true,"href":"https:\/\/www.actualidadadiario.com\/index.php\/wp-json\/wp\/v2\/tags?post=66222"}],"curies":[{"name":"wp","href":"https:\/\/api.w.org\/{rel}","templated":true}]}}