{"id":66169,"date":"2020-08-28T12:37:00","date_gmt":"2020-08-28T15:37:00","guid":{"rendered":"https:\/\/www.actualidadadiario.com\/?p=66169"},"modified":"2020-08-28T12:41:21","modified_gmt":"2020-08-28T15:41:21","slug":"bordet-planteo-al-presidente-la-necesidad-de-medidas-para-disminuir-la-circulacion-de-personas-en-parana","status":"publish","type":"post","link":"https:\/\/www.actualidadadiario.com\/index.php\/2020\/08\/28\/bordet-planteo-al-presidente-la-necesidad-de-medidas-para-disminuir-la-circulacion-de-personas-en-parana\/","title":{"rendered":"Bordet plante\u00f3 al Presidente la necesidad de medidas para disminuir la circulaci\u00f3n de personas en Paran\u00e1"},"content":{"rendered":"<p style=\"text-align: center;\"><em><strong>El gobernador Gustavo Bordet hizo saber al presidente Alberto Fern\u00e1ndez y su equipo la decisi\u00f3n del COES provincial de solicitar la implementaci\u00f3n de medidas efectivas para disminuir la circulaci\u00f3n de personas en la ciudad de Paran\u00e1 y el \u00e1rea metropolitana, a fin de detener la curva de contagios y permitir al sistema de salud se reorganice<\/strong><\/em><\/p>\n<p>&nbsp;<\/p>\n<p>El mandatario provincial expuso ante el Presidente la situaci\u00f3n epidemiol\u00f3gica de la provincia, particularmente de Paran\u00e1 y de Gualeguaych\u00fa, ambas ciudades con circulaci\u00f3n comunitaria sostenida, y esta \u00faltima declarada en aislamiento social, preventivo y obligatorio. Durante la reuni\u00f3n virtual que el Gobernador mantuvo junto a sus pares de las dem\u00e1s provincias.<\/p>\n<p>Junto a la vicegobernadora Laura Stratta, se analiz\u00f3 el pedido de las autoridades del Ministerio de Salud de la provincia para aplicar medidas que disminuyan sensiblemente la circulaci\u00f3n ante el riesgo de un colapso del sistema sanitario en Paran\u00e1 y Gualeguaych\u00fa, y protejan la salud de la poblaci\u00f3n. Compartieron, adem\u00e1s, la preocupaci\u00f3n por el avance de la pandemia en todo el pa\u00eds que tambi\u00e9n se expresa en Entre R\u00edos.<\/p>\n<p>Bordet subray\u00f3 que &#8220;un dato importante es que si hubi\u00e9semos tenido el mismo sistema sanitario pre pandemia, es decir en marzo, hoy ya estar\u00eda colapsado. Hoy tendr\u00edamos pacientes que no tendr\u00edan camas. Esto es importante, porque habla a las claras de la inversi\u00f3n que se hizo en este tiempo y que permiti\u00f3 que en este momento el sistema no est\u00e9 colapsado&#8221;.<\/p>\n<p>En la videoconferencia el gobernador Gustavo Bordet, detall\u00f3 es estado de situaci\u00f3n epidemiol\u00f3gica de la provincia. Precis\u00f3 que Entre R\u00edos &#8220;hay 2695 casos, con 37 fallecidos y el promedio de ocupaci\u00f3n de camas de la provincia es del 56,25 por ciento y la cantidad de d\u00edas de duplicaci\u00f3n de casos es de 14\u201d.<\/p>\n<p>El mandatario dijo que &#8220;son n\u00fameros que nos demuestran que hemos venido creciendo sostenidamente en las \u00faltima semanas, de modo tal que ese crecimiento que hemos tenido hoy llega a una positividad del 44 por ciento\u201d.<\/p>\n<p>Bordet indic\u00f3 que &#8220;estamos teniendo problemas puntuales en algunas ciudades, como el caso de Gualeguaych\u00fa, que fue declarado en aislamiento preventivo por el presidente, y en la capital de la provincia, donde el 70,66 por ciento del total de las camas UTI est\u00e1 siendo ocupada, con lo cual nos enciende varias luces de alerta. Necesitamos estabilizar el n\u00fameros de casos y que no nos colapse el sistema sanitario&#8221;.<\/p>\n<p>Cabe recordar que el Comit\u00e9 de Organizaci\u00f3n de la Emergencia en Salud (COES) formaliz\u00f3 una alerta sanitaria \u201cpor la situaci\u00f3n epidemiol\u00f3gica en la ciudad de Paran\u00e1 y el gran Paran\u00e1 por la alta positividad del Covid-19 que est\u00e1 interpelando a escalas preocupantes el sistema de salud en su capacidad operativa de atenci\u00f3n sanitaria, a pesar de haber duplicado la capacidad operativa de los hospitales durante los \u00faltimos meses\u201d.<\/p>\n<p>Durante su exposici\u00f3n el gobernador traslad\u00f3 al presidente la preocupaci\u00f3n manifestada por el Ministerio de Salud que expresa que \u201cde mantenerse la tendencia en el n\u00famero de contagios reportados, la capacidad operativa para la internaci\u00f3n de pacientes Covid-19, moderados o graves, se ver\u00e1 comprometida en el corto plazo\u201d. Por lo que se eval\u00faan \u201cmedidas c\u00edvicas concomitantes\u201d.<\/p>\n<p>Otro de los puntos destacados tiene que ver con la preocupaci\u00f3n creciente por el \u201cincremento de pacientes positivos en instituciones geri\u00e1tricas\u201d, y la necesidad de aislar a agentes de salud, lo que compromete la capacidad operativa del sistema de sanitario.<\/p>\n<p>En ese contexto, el mandatario provincial hizo saber al presidente y su equipo la decisi\u00f3n del COES de solicitar la implementaci\u00f3n de medidas efectivas para disminuir la circulaci\u00f3n de personas en la ciudad de Paran\u00e1 y el \u00e1rea metropolitana a fin de detener la curva de contagios y permitir al sistema de salud se reorganice.<\/p>\n<p>De la videoconferencia participaron el presidente Alberto Fern\u00e1ndez; el ministro del Interior, Eduardo De Pedro; la secretaria de Acceso a la Salud, Carla Vizzotti y gobernadores de otras provincias.<\/p>\n","protected":false},"excerpt":{"rendered":"<p>El gobernador Gustavo Bordet hizo saber al presidente Alberto Fern\u00e1ndez y su equipo la decisi\u00f3n del COES provincial de solicitar la implementaci\u00f3n de medidas efectivas para disminuir la circulaci\u00f3n de personas en la ciudad de Paran\u00e1 y el \u00e1rea metropolitana, a fin de detener la curva de contagios y permitir al sistema de salud se reorganice &nbsp; El mandatario provincial expuso ante el Presidente la situaci\u00f3n epidemiol\u00f3gica de la provincia, particularmente de Paran\u00e1 y de Gualeguaych\u00fa, ambas ciudades con circulaci\u00f3n comunitaria sostenida, y esta \u00faltima declarada en aislamiento social, preventivo&#8230;<\/p>\n","protected":false},"author":3,"featured_media":66170,"comment_status":"closed","ping_status":"closed","sticky":false,"template":"","format":"standard","meta":[],"categories":[9,15],"tags":[],"_links":{"self":[{"href":"https:\/\/www.actualidadadiario.com\/index.php\/wp-json\/wp\/v2\/posts\/66169"}],"collection":[{"href":"https:\/\/www.actualidadadiario.com\/index.php\/wp-json\/wp\/v2\/posts"}],"about":[{"href":"https:\/\/www.actualidadadiario.com\/index.php\/wp-json\/wp\/v2\/types\/post"}],"author":[{"embeddable":true,"href":"https:\/\/www.actualidadadiario.com\/index.php\/wp-json\/wp\/v2\/users\/3"}],"replies":[{"embeddable":true,"href":"https:\/\/www.actualidadadiario.com\/index.php\/wp-json\/wp\/v2\/comments?post=66169"}],"version-history":[{"count":1,"href":"https:\/\/www.actualidadadiario.com\/index.php\/wp-json\/wp\/v2\/posts\/66169\/revisions"}],"predecessor-version":[{"id":66171,"href":"https:\/\/www.actualidadadiario.com\/index.php\/wp-json\/wp\/v2\/posts\/66169\/revisions\/66171"}],"wp:featuredmedia":[{"embeddable":true,"href":"https:\/\/www.actualidadadiario.com\/index.php\/wp-json\/wp\/v2\/media\/66170"}],"wp:attachment":[{"href":"https:\/\/www.actualidadadiario.com\/index.php\/wp-json\/wp\/v2\/media?parent=66169"}],"wp:term":[{"taxonomy":"category","embeddable":true,"href":"https:\/\/www.actualidadadiario.com\/index.php\/wp-json\/wp\/v2\/categories?post=66169"},{"taxonomy":"post_tag","embeddable":true,"href":"https:\/\/www.actualidadadiario.com\/index.php\/wp-json\/wp\/v2\/tags?post=66169"}],"curies":[{"name":"wp","href":"https:\/\/api.w.org\/{rel}","templated":true}]}}