{"id":66165,"date":"2020-08-27T12:36:04","date_gmt":"2020-08-27T15:36:04","guid":{"rendered":"https:\/\/www.actualidadadiario.com\/?p=66165"},"modified":"2020-08-27T12:36:04","modified_gmt":"2020-08-27T15:36:04","slug":"alemania-multara-a-quienes-no-usen-tapabocas","status":"publish","type":"post","link":"https:\/\/www.actualidadadiario.com\/index.php\/2020\/08\/27\/alemania-multara-a-quienes-no-usen-tapabocas\/","title":{"rendered":"Alemania multar\u00e1 a quienes no usen tapabocas"},"content":{"rendered":"<p style=\"text-align: center;\"><em><strong>Ante el aumento de casos y el relajamiento social frente a las medidas de aislamiento por coronavirus, el gobierno de Alemania estableci\u00f3 multas para quienes incumplan con la obligatoriedad del uso de tapabocas o barbijos para reducir las posibilidades de transmisi\u00f3n de Covid-19, y limit\u00f3 a\u00fan m\u00e1s la cantidad de personas que se pueden reunir en lugares abiertos y cerrados<\/strong><\/em><\/p>\n<p>&nbsp;<\/p>\n<p>&nbsp;<\/p>\n<p>Las nuevas medidas restrictivas se pondr\u00e1n en marcha en al menos 16 regiones del pa\u00eds, luego de que las autoridades locales acordaran con la canciller \u00c1ngela Merkel el texto del proyecto para ajustar los controles que tienen como objetivo frenar el avance del Covid-19.<\/p>\n<p>La iniciativa establece que quienes no lleven el tapabocas de uso obligatorio tendr\u00e1n que pagarle al Estado una multa de 50 euros. Adem\u00e1s, limita a 25 la cantidad de personas que pueden reunirse en actos privados.<\/p>\n<p>El pa\u00eds registra alrededor de 1.500 nuevos casos diarios, el m\u00e1s alto desde fines de abril. El r\u00e9cord fue a principios de ese mes, de 6 mil. Hasta hoy registr\u00f3 237.936 casos (1.507 en las \u00faltimas 24 horas) y 9.285 decesos desde que se inici\u00f3 a pandemia, seg\u00fan precis\u00f3 el Instituto Robert Koch.<\/p>\n<p>Aunque la propagaci\u00f3n del virus es &#8220;actualmente inferior al pico alcanzado en marzo y abril&#8221;, las autoridades se\u00f1alan que &#8220;estas \u00faltimas semanas, el n\u00famero de infecciones volvi\u00f3 a aumentar&#8221;.<\/p>\n<p>&#8220;Los alojamientos colectivos, los actos p\u00fablicos, las celebraciones y la movilidad relacionada con las vacaciones son particularmente propicias para la propagaci\u00f3n del virus&#8221;, indica el proyecto que tambi\u00e9n se\u00f1ala que &#8220;este aumento de los meses de verano debe tomarse en serio&#8221;.<\/p>\n<p>Alemania, que espera un aumento adicional en los meses de oto\u00f1o e invierno, prolongar\u00e1 hasta fin de a\u00f1o la prohibici\u00f3n de p\u00fablico en los estadios, lugares culturales, festivales o ferias.<\/p>\n<p>Habr\u00e1 &#8220;excepciones&#8221; en las regiones donde la tasa de infecci\u00f3n sea baja desde hace al menos una semana y &#8220;si se garantiza que los participantes proceden exclusivamente de esa regi\u00f3n o de las regiones vecinas&#8221; donde tambi\u00e9n est\u00e9 contenida la propagaci\u00f3n del virus, seg\u00fan el texto.<\/p>\n","protected":false},"excerpt":{"rendered":"<p>Ante el aumento de casos y el relajamiento social frente a las medidas de aislamiento por coronavirus, el gobierno de Alemania estableci\u00f3 multas para quienes incumplan con la obligatoriedad del uso de tapabocas o barbijos para reducir las posibilidades de transmisi\u00f3n de Covid-19, y limit\u00f3 a\u00fan m\u00e1s la cantidad de personas que se pueden reunir en lugares abiertos y cerrados &nbsp; &nbsp; Las nuevas medidas restrictivas se pondr\u00e1n en marcha en al menos 16 regiones del pa\u00eds, luego de que las autoridades locales acordaran con la canciller \u00c1ngela Merkel el&#8230;<\/p>\n","protected":false},"author":3,"featured_media":60119,"comment_status":"closed","ping_status":"closed","sticky":false,"template":"","format":"standard","meta":[],"categories":[4],"tags":[],"_links":{"self":[{"href":"https:\/\/www.actualidadadiario.com\/index.php\/wp-json\/wp\/v2\/posts\/66165"}],"collection":[{"href":"https:\/\/www.actualidadadiario.com\/index.php\/wp-json\/wp\/v2\/posts"}],"about":[{"href":"https:\/\/www.actualidadadiario.com\/index.php\/wp-json\/wp\/v2\/types\/post"}],"author":[{"embeddable":true,"href":"https:\/\/www.actualidadadiario.com\/index.php\/wp-json\/wp\/v2\/users\/3"}],"replies":[{"embeddable":true,"href":"https:\/\/www.actualidadadiario.com\/index.php\/wp-json\/wp\/v2\/comments?post=66165"}],"version-history":[{"count":1,"href":"https:\/\/www.actualidadadiario.com\/index.php\/wp-json\/wp\/v2\/posts\/66165\/revisions"}],"predecessor-version":[{"id":66166,"href":"https:\/\/www.actualidadadiario.com\/index.php\/wp-json\/wp\/v2\/posts\/66165\/revisions\/66166"}],"wp:featuredmedia":[{"embeddable":true,"href":"https:\/\/www.actualidadadiario.com\/index.php\/wp-json\/wp\/v2\/media\/60119"}],"wp:attachment":[{"href":"https:\/\/www.actualidadadiario.com\/index.php\/wp-json\/wp\/v2\/media?parent=66165"}],"wp:term":[{"taxonomy":"category","embeddable":true,"href":"https:\/\/www.actualidadadiario.com\/index.php\/wp-json\/wp\/v2\/categories?post=66165"},{"taxonomy":"post_tag","embeddable":true,"href":"https:\/\/www.actualidadadiario.com\/index.php\/wp-json\/wp\/v2\/tags?post=66165"}],"curies":[{"name":"wp","href":"https:\/\/api.w.org\/{rel}","templated":true}]}}