{"id":66162,"date":"2020-08-27T12:35:17","date_gmt":"2020-08-27T15:35:17","guid":{"rendered":"https:\/\/www.actualidadadiario.com\/?p=66162"},"modified":"2020-08-27T12:35:17","modified_gmt":"2020-08-27T15:35:17","slug":"unicef-advierte-sobre-emergencia-educativa-global-por-chicos-que-no-acceden-a-clases-a-distancia","status":"publish","type":"post","link":"https:\/\/www.actualidadadiario.com\/index.php\/2020\/08\/27\/unicef-advierte-sobre-emergencia-educativa-global-por-chicos-que-no-acceden-a-clases-a-distancia\/","title":{"rendered":"Unicef advierte sobre &#8220;emergencia educativa global&#8221; por chicos que no acceden a clases a distancia"},"content":{"rendered":"<p style=\"text-align: center;\"><em><strong>El Fondo de Naciones Unidas para la Infancia dijo que casi 1.500 millones de ni\u00f1os y ni\u00f1as se vieron afectados por los cierres de establecimientos educativos durante las cuarentenas nacionales o locales<\/strong><\/em><\/p>\n<p>&nbsp;<\/p>\n<p>&nbsp;<\/p>\n<p>El organismo de la ONU para la infancia (Unicef) alert\u00f3 que un tercio de los chicos del mundo no pudieron acceder a la educaci\u00f3n a distancia durante el cierre de las escuelas por la pandemia de coronavirus y que esto cre\u00f3 una &#8220;emergencia educativa global&#8221;.<\/p>\n<p>En un informe, el Fondo de Naciones Unidas para la Infancia (Unicef) dijo que casi 1.500 millones de ni\u00f1os y ni\u00f1as se vieron afectados por los cierres de establecimientos educativos durante las cuarentenas nacionales o locales.<\/p>\n<p>&#8220;Para al menos 463 millones de chicos cuyas escuelas cerraron por la Covid-19, no existi\u00f3 la educaci\u00f3n remota&#8221;, dijo la directora ejecutiva de Unicef, Henrietta Fore, en un comunicado, inform\u00f3 BBC.<\/p>\n<p>&#8220;El alto n\u00famero de chicos cuya educaci\u00f3n se vio completamente afectada durante meses constituye una emergencia educativa global&#8221;, prosigui\u00f3.<\/p>\n<p>&#8220;Las repercusiones podr\u00edan sentirse en las econom\u00edas y sociedades durante d\u00e9cadas&#8221;, advirti\u00f3.<\/p>\n","protected":false},"excerpt":{"rendered":"<p>El Fondo de Naciones Unidas para la Infancia dijo que casi 1.500 millones de ni\u00f1os y ni\u00f1as se vieron afectados por los cierres de establecimientos educativos durante las cuarentenas nacionales o locales &nbsp; &nbsp; El organismo de la ONU para la infancia (Unicef) alert\u00f3 que un tercio de los chicos del mundo no pudieron acceder a la educaci\u00f3n a distancia durante el cierre de las escuelas por la pandemia de coronavirus y que esto cre\u00f3 una &#8220;emergencia educativa global&#8221;. En un informe, el Fondo de Naciones Unidas para la Infancia&#8230;<\/p>\n","protected":false},"author":3,"featured_media":66163,"comment_status":"closed","ping_status":"closed","sticky":false,"template":"","format":"standard","meta":[],"categories":[4],"tags":[],"_links":{"self":[{"href":"https:\/\/www.actualidadadiario.com\/index.php\/wp-json\/wp\/v2\/posts\/66162"}],"collection":[{"href":"https:\/\/www.actualidadadiario.com\/index.php\/wp-json\/wp\/v2\/posts"}],"about":[{"href":"https:\/\/www.actualidadadiario.com\/index.php\/wp-json\/wp\/v2\/types\/post"}],"author":[{"embeddable":true,"href":"https:\/\/www.actualidadadiario.com\/index.php\/wp-json\/wp\/v2\/users\/3"}],"replies":[{"embeddable":true,"href":"https:\/\/www.actualidadadiario.com\/index.php\/wp-json\/wp\/v2\/comments?post=66162"}],"version-history":[{"count":1,"href":"https:\/\/www.actualidadadiario.com\/index.php\/wp-json\/wp\/v2\/posts\/66162\/revisions"}],"predecessor-version":[{"id":66164,"href":"https:\/\/www.actualidadadiario.com\/index.php\/wp-json\/wp\/v2\/posts\/66162\/revisions\/66164"}],"wp:featuredmedia":[{"embeddable":true,"href":"https:\/\/www.actualidadadiario.com\/index.php\/wp-json\/wp\/v2\/media\/66163"}],"wp:attachment":[{"href":"https:\/\/www.actualidadadiario.com\/index.php\/wp-json\/wp\/v2\/media?parent=66162"}],"wp:term":[{"taxonomy":"category","embeddable":true,"href":"https:\/\/www.actualidadadiario.com\/index.php\/wp-json\/wp\/v2\/categories?post=66162"},{"taxonomy":"post_tag","embeddable":true,"href":"https:\/\/www.actualidadadiario.com\/index.php\/wp-json\/wp\/v2\/tags?post=66162"}],"curies":[{"name":"wp","href":"https:\/\/api.w.org\/{rel}","templated":true}]}}