{"id":66159,"date":"2020-08-27T12:34:02","date_gmt":"2020-08-27T15:34:02","guid":{"rendered":"https:\/\/www.actualidadadiario.com\/?p=66159"},"modified":"2020-08-27T12:34:02","modified_gmt":"2020-08-27T15:34:02","slug":"cuarta-noche-de-protestas-contra-el-racismo-en-kenosha-pese-al-toque-de-queda","status":"publish","type":"post","link":"https:\/\/www.actualidadadiario.com\/index.php\/2020\/08\/27\/cuarta-noche-de-protestas-contra-el-racismo-en-kenosha-pese-al-toque-de-queda\/","title":{"rendered":"Cuarta noche de protestas contra el racismo en Kenosha pese al toque de queda"},"content":{"rendered":"<p style=\"text-align: center;\"><em><strong>Las manifestaciones se iniciaron el domingo luego de que polic\u00edas hirieran de gravedad a Jacob Blake, de 29 a\u00f1os. Un nuevo episodio de violencia policial que record\u00f3 el crimen de afroestadounidense George Floyd<\/strong><\/em><\/p>\n<p>&nbsp;<\/p>\n<p>Por cuarta noche consecutiva, la ciudad estadounidense de Kenosha, en el estado de Wisconsin, fue escenario de protestas contra el acribillamiento de un joven negro por parte de un polic\u00eda blanco ocurrido el domingo pasado.<\/p>\n<p>A pesar del toque de queda que rigi\u00f3 durante toda la noche, una multitud realiz\u00f3 una marcha pac\u00edfica en el c\u00e9ntrico Parque C\u00edvico, punto focal de las manifestaciones que se celebran desde el domingo.<\/p>\n<p>Las manifestaciones se mostraban con menor convocatoria, aunque con gran tensi\u00f3n, y sin enfrentamientos directos con la polic\u00eda o con grupos de extremistas blancos armados.<\/p>\n<p>Ayer, un joven de 17 a\u00f1os fue arrestado acusado de homicidio intencional en primer grado, luego de la difusi\u00f3n de varios videos que lo muestran disparando en medio de una calle de Kenosha con un rifle semiautom\u00e1tico.<\/p>\n<p>&#8220;Acabo de matar a alguien&#8221;, dijo Kyle Rittenhouse, luego del tiroteo que dej\u00f3 adem\u00e1s una tercera persona herida, inform\u00f3 el diario local Kenosha News en su edici\u00f3n digital..<\/p>\n<p>Las manifestaciones se iniciaron el domingo luego de que polic\u00edas hirieran de gravedad a Jacob Blake, de 29 a\u00f1os, en un incidente que tambi\u00e9n fue captado en video por un testigo con su tel\u00e9fono celular.<\/p>\n<p>En la grabaci\u00f3n se ve a polic\u00edas disparar a quemarropa varias veces por la espalda contra Blake cuando intentaba subir a su camioneta. En un nuevo episodio de violencia policial que record\u00f3 el crimen de afroestadounidense George Floyd que en mayo desat\u00f3 una ola de protestas contra el racismo.<\/p>\n<p>Anoche, durante la tercera noche de la Convenci\u00f3n Republicana, el vicepresidente Mike Pence defendi\u00f3 la actuaci\u00f3n policial en Kenosha y dijo, en tono de campa\u00f1a, que los l\u00edderes dem\u00f3cratas est\u00e1n permitiendo que la anarqu\u00eda prevalezca en ciudades de &#8220;costa a costa&#8221;.<\/p>\n<p>&#8220;El pueblo estadounidense sabe que no tenemos que elegir entre apoyar la aplicaci\u00f3n de la ley y apoyar a los vecinos afroamericanos para mejorar la calidad de vida en nuestras ciudades y pueblos&#8221;, dijo Pence, citado por medios locales.<\/p>\n<p>Tambi\u00e9n atac\u00f3 al candidato presidencial dem\u00f3crata Joe Biden por decir que hay un &#8220;sesgo impl\u00edcito&#8221; contra las minor\u00edas y &#8220;racismo sist\u00e9mico&#8221; en Estados Unidos.<\/p>\n<p>&#8220;La dura verdad es que no estar\u00e1s seguro en el Estados Unidos de Joe Biden&#8221;, dijo Pence y concluy\u00f3 que &#8220;la violencia debe detenerse, ya sea en Minneapolis, Portland o Kenosha&#8221;.<\/p>\n<p>El mi\u00e9rcoles, tres d\u00edas despu\u00e9s del tiroteo, las autoridades estatales identificaron al oficial que dispar\u00f3 contra Blake como Rusten Sheskey, un agente con siete a\u00f1os en el Departamento de Polic\u00eda de Kenosha.<\/p>\n<p>Sheskey dispar\u00f3 a Blake mientras sosten\u00eda su camisa despu\u00e9s de que los oficiales usaron por primera vez una Taser sin \u00e9xito, explic\u00f3 el Departamento de Justicia de Wisconsin.<\/p>\n<p>Los agentes estatales luego recuperaron un cuchillo del piso del lado del conductor del veh\u00edculo, inform\u00f3 el departamento.<\/p>\n","protected":false},"excerpt":{"rendered":"<p>Las manifestaciones se iniciaron el domingo luego de que polic\u00edas hirieran de gravedad a Jacob Blake, de 29 a\u00f1os. Un nuevo episodio de violencia policial que record\u00f3 el crimen de afroestadounidense George Floyd &nbsp; Por cuarta noche consecutiva, la ciudad estadounidense de Kenosha, en el estado de Wisconsin, fue escenario de protestas contra el acribillamiento de un joven negro por parte de un polic\u00eda blanco ocurrido el domingo pasado. A pesar del toque de queda que rigi\u00f3 durante toda la noche, una multitud realiz\u00f3 una marcha pac\u00edfica en el c\u00e9ntrico&#8230;<\/p>\n","protected":false},"author":3,"featured_media":66160,"comment_status":"closed","ping_status":"closed","sticky":false,"template":"","format":"standard","meta":[],"categories":[4],"tags":[],"_links":{"self":[{"href":"https:\/\/www.actualidadadiario.com\/index.php\/wp-json\/wp\/v2\/posts\/66159"}],"collection":[{"href":"https:\/\/www.actualidadadiario.com\/index.php\/wp-json\/wp\/v2\/posts"}],"about":[{"href":"https:\/\/www.actualidadadiario.com\/index.php\/wp-json\/wp\/v2\/types\/post"}],"author":[{"embeddable":true,"href":"https:\/\/www.actualidadadiario.com\/index.php\/wp-json\/wp\/v2\/users\/3"}],"replies":[{"embeddable":true,"href":"https:\/\/www.actualidadadiario.com\/index.php\/wp-json\/wp\/v2\/comments?post=66159"}],"version-history":[{"count":1,"href":"https:\/\/www.actualidadadiario.com\/index.php\/wp-json\/wp\/v2\/posts\/66159\/revisions"}],"predecessor-version":[{"id":66161,"href":"https:\/\/www.actualidadadiario.com\/index.php\/wp-json\/wp\/v2\/posts\/66159\/revisions\/66161"}],"wp:featuredmedia":[{"embeddable":true,"href":"https:\/\/www.actualidadadiario.com\/index.php\/wp-json\/wp\/v2\/media\/66160"}],"wp:attachment":[{"href":"https:\/\/www.actualidadadiario.com\/index.php\/wp-json\/wp\/v2\/media?parent=66159"}],"wp:term":[{"taxonomy":"category","embeddable":true,"href":"https:\/\/www.actualidadadiario.com\/index.php\/wp-json\/wp\/v2\/categories?post=66159"},{"taxonomy":"post_tag","embeddable":true,"href":"https:\/\/www.actualidadadiario.com\/index.php\/wp-json\/wp\/v2\/tags?post=66159"}],"curies":[{"name":"wp","href":"https:\/\/api.w.org\/{rel}","templated":true}]}}