{"id":66151,"date":"2020-08-27T12:30:48","date_gmt":"2020-08-27T15:30:48","guid":{"rendered":"https:\/\/www.actualidadadiario.com\/?p=66151"},"modified":"2020-08-27T12:30:48","modified_gmt":"2020-08-27T15:30:48","slug":"santiago-cafiero-argentina-empieza-a-dar-sintomas-de-que-viene-la-recuperacion-economica","status":"publish","type":"post","link":"https:\/\/www.actualidadadiario.com\/index.php\/2020\/08\/27\/santiago-cafiero-argentina-empieza-a-dar-sintomas-de-que-viene-la-recuperacion-economica\/","title":{"rendered":"Santiago Cafiero: &#8220;Argentina empieza a dar s\u00edntomas de que viene la recuperaci\u00f3n econ\u00f3mica&#8221;"},"content":{"rendered":"<p style=\"text-align: center;\"><em><strong>El Jefe de Gabinete asegur\u00f3 que el pa\u00eds est\u00e1 &#8220;en el sendero de la reconstrucci\u00f3n de la actividad econ\u00f3mica&#8221;<\/strong><\/em><\/p>\n<p>&nbsp;<\/p>\n<p>&nbsp;<\/p>\n<p>El jefe de Gabinete, Santiago Cafiero, remarc\u00f3 que Argentina &#8220;empieza a repuntar en tiempo r\u00e9cord, acelerado&#8221;, y &#8220;empieza a dar s\u00edntomas&#8221; de recuperaci\u00f3n econ\u00f3mica.<\/p>\n<p>&#8220;Cr\u00e9annos. Estamos en el sendero de la reconstrucci\u00f3n de la actividad econ\u00f3mica. Argentina empieza a dar s\u00edntomas de que viene la recuperaci\u00f3n econ\u00f3mica. Hay actividades que ya lo est\u00e1n sintiendo&#8221;, dijo el funcionario nacional al exponer en la reuni\u00f3n anual del Council de las Am\u00e9ricas.<\/p>\n<p>En otro tramo de su discurso, Cafiero asegur\u00f3 que &#8220;el di\u00e1logo democr\u00e1tico es fundamental&#8221; para encontrar &#8220;\u00e1mbitos de di\u00e1logo y de debate&#8221; con la oposici\u00f3n.<\/p>\n<p>&#8220;Para nosotros, el di\u00e1logo democr\u00e1tico es fundamental. El Presidente se reuni\u00f3 en tres oportunidades con los jefes de bancada de la oposici\u00f3n&#8221;, indic\u00f3 el ministro coordinador en la previa del tratamiento de la reforma judicial.<\/p>\n<p>En la conferencia anual del Consejo de las Am\u00e9ricas, sostuvo que &#8220;m\u00e1s de 60 intervenciones tuvieron los funcionarios nacionales en ambas c\u00e1maras tratando de encontrar \u00e1mbitos de debate y di\u00e1logo entre el Poder Ejecutivo y el Poder Legislativo&#8221;.<\/p>\n","protected":false},"excerpt":{"rendered":"<p>El Jefe de Gabinete asegur\u00f3 que el pa\u00eds est\u00e1 &#8220;en el sendero de la reconstrucci\u00f3n de la actividad econ\u00f3mica&#8221; &nbsp; &nbsp; El jefe de Gabinete, Santiago Cafiero, remarc\u00f3 que Argentina &#8220;empieza a repuntar en tiempo r\u00e9cord, acelerado&#8221;, y &#8220;empieza a dar s\u00edntomas&#8221; de recuperaci\u00f3n econ\u00f3mica. &#8220;Cr\u00e9annos. Estamos en el sendero de la reconstrucci\u00f3n de la actividad econ\u00f3mica. Argentina empieza a dar s\u00edntomas de que viene la recuperaci\u00f3n econ\u00f3mica. Hay actividades que ya lo est\u00e1n sintiendo&#8221;, dijo el funcionario nacional al exponer en la reuni\u00f3n anual del Council de las Am\u00e9ricas&#8230;.<\/p>\n","protected":false},"author":3,"featured_media":60962,"comment_status":"closed","ping_status":"closed","sticky":false,"template":"","format":"standard","meta":[],"categories":[18],"tags":[],"_links":{"self":[{"href":"https:\/\/www.actualidadadiario.com\/index.php\/wp-json\/wp\/v2\/posts\/66151"}],"collection":[{"href":"https:\/\/www.actualidadadiario.com\/index.php\/wp-json\/wp\/v2\/posts"}],"about":[{"href":"https:\/\/www.actualidadadiario.com\/index.php\/wp-json\/wp\/v2\/types\/post"}],"author":[{"embeddable":true,"href":"https:\/\/www.actualidadadiario.com\/index.php\/wp-json\/wp\/v2\/users\/3"}],"replies":[{"embeddable":true,"href":"https:\/\/www.actualidadadiario.com\/index.php\/wp-json\/wp\/v2\/comments?post=66151"}],"version-history":[{"count":1,"href":"https:\/\/www.actualidadadiario.com\/index.php\/wp-json\/wp\/v2\/posts\/66151\/revisions"}],"predecessor-version":[{"id":66152,"href":"https:\/\/www.actualidadadiario.com\/index.php\/wp-json\/wp\/v2\/posts\/66151\/revisions\/66152"}],"wp:featuredmedia":[{"embeddable":true,"href":"https:\/\/www.actualidadadiario.com\/index.php\/wp-json\/wp\/v2\/media\/60962"}],"wp:attachment":[{"href":"https:\/\/www.actualidadadiario.com\/index.php\/wp-json\/wp\/v2\/media?parent=66151"}],"wp:term":[{"taxonomy":"category","embeddable":true,"href":"https:\/\/www.actualidadadiario.com\/index.php\/wp-json\/wp\/v2\/categories?post=66151"},{"taxonomy":"post_tag","embeddable":true,"href":"https:\/\/www.actualidadadiario.com\/index.php\/wp-json\/wp\/v2\/tags?post=66151"}],"curies":[{"name":"wp","href":"https:\/\/api.w.org\/{rel}","templated":true}]}}