{"id":66102,"date":"2020-08-27T12:14:23","date_gmt":"2020-08-27T15:14:23","guid":{"rendered":"https:\/\/www.actualidadadiario.com\/?p=66102"},"modified":"2020-08-27T12:14:23","modified_gmt":"2020-08-27T15:14:23","slug":"bordet-repaso-la-agenda-legislativa-con-el-titular-de-la-camara-de-diputados","status":"publish","type":"post","link":"https:\/\/www.actualidadadiario.com\/index.php\/2020\/08\/27\/bordet-repaso-la-agenda-legislativa-con-el-titular-de-la-camara-de-diputados\/","title":{"rendered":"Bordet repas\u00f3 la agenda legislativa con el titular de la C\u00e1mara de Diputados"},"content":{"rendered":"<p style=\"text-align: center;\"><em><strong>El gobernador Gustavo Bordet repas\u00f3 la agenda legislativa junto al presidente de la C\u00e1mara de Diputados, Angel Giano, y dialog\u00f3 sobre la situaci\u00f3n sanitaria y econ\u00f3mica de la provincia, as\u00ed como del trabajo articulado con Naci\u00f3n y los municipios<\/strong><\/em><\/p>\n<p>&nbsp;<\/p>\n<p>&nbsp;<\/p>\n<p>Tras el encuentro con el mandatario, Giano se\u00f1al\u00f3 que &#8220;repasamos la agenda legislativa de la C\u00e1mara de Diputados que tenemos que llevar adelante junto con el Poder Ejecutivo y los distintos organismos&#8221;.<\/p>\n<p>Destac\u00f3 que &#8220;venimos frecuentemente llevando adelante este tipo de reuniones y esto permite poder trasladarle a los dem\u00e1s integrantes del bloque justicialista y articular con los presidentes de las comisiones las prioridades del Poder Ejecutivo provincial respecto a los proyectos de ley que se est\u00e9n tratando en la C\u00e1mara&#8221;.<\/p>\n<p>Por \u00faltimo precis\u00f3 que tambi\u00e9n &#8220;estuvimos hablando sobre la situaci\u00f3n sanitaria, econ\u00f3mica y financiera de la provincia; as\u00ed como de las obras que se est\u00e1n llevando adelante y del trabajo en forma articulada con el gobierno nacional y los municipios&#8221;.<\/p>\n","protected":false},"excerpt":{"rendered":"<p>El gobernador Gustavo Bordet repas\u00f3 la agenda legislativa junto al presidente de la C\u00e1mara de Diputados, Angel Giano, y dialog\u00f3 sobre la situaci\u00f3n sanitaria y econ\u00f3mica de la provincia, as\u00ed como del trabajo articulado con Naci\u00f3n y los municipios &nbsp; &nbsp; Tras el encuentro con el mandatario, Giano se\u00f1al\u00f3 que &#8220;repasamos la agenda legislativa de la C\u00e1mara de Diputados que tenemos que llevar adelante junto con el Poder Ejecutivo y los distintos organismos&#8221;. Destac\u00f3 que &#8220;venimos frecuentemente llevando adelante este tipo de reuniones y esto permite poder trasladarle a los&#8230;<\/p>\n","protected":false},"author":3,"featured_media":66103,"comment_status":"closed","ping_status":"closed","sticky":false,"template":"","format":"standard","meta":[],"categories":[15],"tags":[],"_links":{"self":[{"href":"https:\/\/www.actualidadadiario.com\/index.php\/wp-json\/wp\/v2\/posts\/66102"}],"collection":[{"href":"https:\/\/www.actualidadadiario.com\/index.php\/wp-json\/wp\/v2\/posts"}],"about":[{"href":"https:\/\/www.actualidadadiario.com\/index.php\/wp-json\/wp\/v2\/types\/post"}],"author":[{"embeddable":true,"href":"https:\/\/www.actualidadadiario.com\/index.php\/wp-json\/wp\/v2\/users\/3"}],"replies":[{"embeddable":true,"href":"https:\/\/www.actualidadadiario.com\/index.php\/wp-json\/wp\/v2\/comments?post=66102"}],"version-history":[{"count":1,"href":"https:\/\/www.actualidadadiario.com\/index.php\/wp-json\/wp\/v2\/posts\/66102\/revisions"}],"predecessor-version":[{"id":66104,"href":"https:\/\/www.actualidadadiario.com\/index.php\/wp-json\/wp\/v2\/posts\/66102\/revisions\/66104"}],"wp:featuredmedia":[{"embeddable":true,"href":"https:\/\/www.actualidadadiario.com\/index.php\/wp-json\/wp\/v2\/media\/66103"}],"wp:attachment":[{"href":"https:\/\/www.actualidadadiario.com\/index.php\/wp-json\/wp\/v2\/media?parent=66102"}],"wp:term":[{"taxonomy":"category","embeddable":true,"href":"https:\/\/www.actualidadadiario.com\/index.php\/wp-json\/wp\/v2\/categories?post=66102"},{"taxonomy":"post_tag","embeddable":true,"href":"https:\/\/www.actualidadadiario.com\/index.php\/wp-json\/wp\/v2\/tags?post=66102"}],"curies":[{"name":"wp","href":"https:\/\/api.w.org\/{rel}","templated":true}]}}