{"id":66099,"date":"2020-08-27T12:13:41","date_gmt":"2020-08-27T15:13:41","guid":{"rendered":"https:\/\/www.actualidadadiario.com\/?p=66099"},"modified":"2020-08-27T12:13:41","modified_gmt":"2020-08-27T15:13:41","slug":"este-jueves-se-registraron-165-nuevos-casos-de-coronavirus-en-la-provincia","status":"publish","type":"post","link":"https:\/\/www.actualidadadiario.com\/index.php\/2020\/08\/27\/este-jueves-se-registraron-165-nuevos-casos-de-coronavirus-en-la-provincia\/","title":{"rendered":"Este jueves se registraron 165 nuevos casos de coronavirus en la provincia"},"content":{"rendered":"<p style=\"text-align: center;\"><em><strong>El \u00e1rea de Vigilancia Epidemiol\u00f3gica del Ministerio de Salud, confirm\u00f3 que este juevess en Entre R\u00edos se registraron 165 nuevos casos de coronavirus<\/strong><\/em><\/p>\n<p>&nbsp;<\/p>\n<p>&nbsp;<\/p>\n<p>Los primeros 109 fueron detectados en el departamento Paran\u00e1. 103 de ellos corresponden a la ciudad capital, de los cuales 50 tuvieron contacto estrecho con casos confirmados previamente, y los nexos epidemiol\u00f3gicos de los 53 restantes se encuentran actualmente en estudio.<\/p>\n<p>En la localidad de Viale se sumaron dos casos, ambos contactos estrechos con casos previamente confirmados.<\/p>\n<p>En Oro Verde se agreg\u00f3 un nuevo caso, el cual fue contacto estrecho de un caso de Coronavirus previo.<\/p>\n<p>En San Benito, se detect\u00f3 un caso, cuyo nexo se encuentra en investigaci\u00f3n.<\/p>\n<p>En Crespo se confirm\u00f3 un caso, cuyo nexo epidemiol\u00f3gico se encuentra en investigaci\u00f3n.<\/p>\n<p>En la localidad de Hasenkamp se detect\u00f3 un nuevo caso, contacto estrecho de un caso previamente confirmado.<\/p>\n<p>Asimismo, en el departamento Gualeguaych\u00fa se detectaron 36 casos, 33 pertenecen a la ciudad hom\u00f3nima y tres pertenecen a Larroque, de los cuales, seis ten\u00edan antecedente de contacto estrecho con un confirmado previamente, dos tienen antecedente de viaje a zona con transmisi\u00f3n comunitaria y los restantes se encuentran actualmente en investigaci\u00f3n.<\/p>\n<p>En el departamento Diamante se detectaron siete casos, cuatro corresponden a la ciudad hom\u00f3nima, los cuales son contactos estrechos de casos previamente confirmados con Coronavirus.<\/p>\n<p>En Aldea Brasilera se confirm\u00f3 un caso siendo contacto estrecho de un caso positivo. Los restantes dos pertenecen a la localidad de General Ram\u00edrez, ambos son contactos estrechos de pacientes confirmados previamente.<\/p>\n<p>Otros cinco casos se detectaron en la localidad de Ceibas, departamento Islas, todos son contactos estrechos de pacientes confirmados con Covid-19 previamente.<\/p>\n<p>En el departamento La Paz se detectaron tres casos, dos de ellos en la ciudad hom\u00f3nima los cuales presentan antecedente de viaje a zona de trasmisi\u00f3n comunitaria y el restante en la localidad de Santa Elena, cuyo nexo se encuentra en estudio.<\/p>\n<p>En la ciudad de Villaguay se confirmaron dos nuevos casos, uno es contacto estrecho de paciente confirmado previamente de Coronavirus y el restante se encuentra en estudio actualmente.<\/p>\n<p>Adem\u00e1s, en la ciudad de Concepci\u00f3n del Uruguay se detect\u00f3 un caso cuyo nexo se encuentra en investigaci\u00f3n.<\/p>\n<p>Otro caso se confirm\u00f3 en la localidad de Victoria que fue contacto estrecho de otro confirmado previamente.<\/p>\n<p>En la ciudad de Gualeguay se detect\u00f3 un nuevo caso con antecedente de viaje a zona de circulaci\u00f3n comunitaria.<\/p>\n<p>*Se reclasifican dentro del Departamento Uruguay dos casos. Pasan de la localidad de Basavilbaso a la ciudad de Concepci\u00f3n del Uruguay.<\/p>\n<p>*Se reclasifican dos casos, uno de la ciudad de Paran\u00e1 y uno de la ciudad de Federal. Ambos se restan de dichas localidades.<\/p>\n<p>De ese modo, en la provincia son 2.695 los casos confirmados.<\/p>\n<p>&nbsp;<\/p>\n<p><strong>Decesos<\/strong><\/p>\n<p>Por otra parte, se registraron tres fallecimientos en Entre R\u00edos asociados a Covid-19.<\/p>\n<p>Por un lado, un hombre de 76 a\u00f1os, oriundo de la ciudad de Paran\u00e1, que se encontraba internado en el Hospital San Mart\u00edn de la capital.<\/p>\n<p>En tanto, un paciente de 67 a\u00f1os, oriundo de Gualeguaych\u00fa, que estaba internado en el hospital Centenario.<\/p>\n<p>Por \u00faltimo, una mujer de 48 a\u00f1os, de Concordia, que se encontraba internada en el hospital Masvernat.<\/p>\n<p>De esta manera, son 37 los fallecidos con Covid-19 en la provincia.<\/p>\n","protected":false},"excerpt":{"rendered":"<p>El \u00e1rea de Vigilancia Epidemiol\u00f3gica del Ministerio de Salud, confirm\u00f3 que este juevess en Entre R\u00edos se registraron 165 nuevos casos de coronavirus &nbsp; &nbsp; Los primeros 109 fueron detectados en el departamento Paran\u00e1. 103 de ellos corresponden a la ciudad capital, de los cuales 50 tuvieron contacto estrecho con casos confirmados previamente, y los nexos epidemiol\u00f3gicos de los 53 restantes se encuentran actualmente en estudio. En la localidad de Viale se sumaron dos casos, ambos contactos estrechos con casos previamente confirmados. En Oro Verde se agreg\u00f3 un nuevo caso,&#8230;<\/p>\n","protected":false},"author":3,"featured_media":66100,"comment_status":"closed","ping_status":"closed","sticky":false,"template":"","format":"standard","meta":[],"categories":[9],"tags":[],"_links":{"self":[{"href":"https:\/\/www.actualidadadiario.com\/index.php\/wp-json\/wp\/v2\/posts\/66099"}],"collection":[{"href":"https:\/\/www.actualidadadiario.com\/index.php\/wp-json\/wp\/v2\/posts"}],"about":[{"href":"https:\/\/www.actualidadadiario.com\/index.php\/wp-json\/wp\/v2\/types\/post"}],"author":[{"embeddable":true,"href":"https:\/\/www.actualidadadiario.com\/index.php\/wp-json\/wp\/v2\/users\/3"}],"replies":[{"embeddable":true,"href":"https:\/\/www.actualidadadiario.com\/index.php\/wp-json\/wp\/v2\/comments?post=66099"}],"version-history":[{"count":1,"href":"https:\/\/www.actualidadadiario.com\/index.php\/wp-json\/wp\/v2\/posts\/66099\/revisions"}],"predecessor-version":[{"id":66101,"href":"https:\/\/www.actualidadadiario.com\/index.php\/wp-json\/wp\/v2\/posts\/66099\/revisions\/66101"}],"wp:featuredmedia":[{"embeddable":true,"href":"https:\/\/www.actualidadadiario.com\/index.php\/wp-json\/wp\/v2\/media\/66100"}],"wp:attachment":[{"href":"https:\/\/www.actualidadadiario.com\/index.php\/wp-json\/wp\/v2\/media?parent=66099"}],"wp:term":[{"taxonomy":"category","embeddable":true,"href":"https:\/\/www.actualidadadiario.com\/index.php\/wp-json\/wp\/v2\/categories?post=66099"},{"taxonomy":"post_tag","embeddable":true,"href":"https:\/\/www.actualidadadiario.com\/index.php\/wp-json\/wp\/v2\/tags?post=66099"}],"curies":[{"name":"wp","href":"https:\/\/api.w.org\/{rel}","templated":true}]}}