{"id":66096,"date":"2020-08-27T12:12:04","date_gmt":"2020-08-27T15:12:04","guid":{"rendered":"https:\/\/www.actualidadadiario.com\/?p=66096"},"modified":"2020-08-27T12:12:04","modified_gmt":"2020-08-27T15:12:04","slug":"ballay-brindo-detalles-en-diputados-sobre-la-licitacion-del-agente-financiero","status":"publish","type":"post","link":"https:\/\/www.actualidadadiario.com\/index.php\/2020\/08\/27\/ballay-brindo-detalles-en-diputados-sobre-la-licitacion-del-agente-financiero\/","title":{"rendered":"Ballay brind\u00f3 detalles en Diputados sobre la licitaci\u00f3n del agente financiero"},"content":{"rendered":"<p style=\"text-align: center;\"><em><strong>Convocado por la C\u00e1mara de Diputados, el ministro de Econom\u00eda, Hugo Ballay, expuso los detalles del proceso de licitaci\u00f3n p\u00fablica destinada a contratar los servicios de agente financiero de la provincia<\/strong><\/em><\/p>\n<p>&nbsp;<\/p>\n<p>&nbsp;<\/p>\n<p>Resalt\u00f3 los beneficios de esta nueva oferta para el Estado y explic\u00f3 el cumplimiento de los pasos legales y administrativos.<\/p>\n<p>En horas del mediod\u00eda la C\u00e1mara de Diputados aprob\u00f3 la resoluci\u00f3n para convocar al ministro de Econom\u00eda Hugo Ballay para exponer sobre la adjudicaci\u00f3n del contrato del agente financiero de la provincia. El funcionario decidi\u00f3 asistir de manera inmediata al recinto para exponer un detallado informe sobre lo actuado en esa materia.<\/p>\n<p>Ballay record\u00f3 que ya en febrero el gobernador Gustavo Bordet le adelant\u00f3 a los legisladores de todos los bloques la decisi\u00f3n de llamar a licitaci\u00f3n p\u00fablica el servicio de agente financiero y caja obligada de la provincia, y destac\u00f3 que luego de las inquietudes planteadas por los diputados, el Poder Ejecutivo tom\u00f3 la decisi\u00f3n de incorporar en el llamado a licitaci\u00f3n la participaci\u00f3n de la Comisi\u00f3n de Seguimiento de la legislatura. &#8220;Me satisface que la informaci\u00f3n la tienen disponible&#8221;, sostuvo.<\/p>\n<p>Al brindar detalles sobre la oferta econ\u00f3mica para el nuevo contrato del agente financiero, Ballay subray\u00f3 la incorporaci\u00f3n de una baja del 20 por ciento de los costos que paga la provincia con el contrato actual.<\/p>\n<p>Tambi\u00e9n valor\u00f3 el canon que la provincia percibir\u00e1 seg\u00fan lo previsto en la nueva oferta, y que asciende a un 3,6 por ciento sobre la masa salarial para los primeros cinco a\u00f1os y un 4 por ciento para los siguientes cinco a\u00f1os de contrato.<\/p>\n<p>En ese sentido, el ministro tambi\u00e9n expuso una proyecci\u00f3n de los t\u00e9rminos del nuevo contrato aprobado en el proceso de licitaci\u00f3n p\u00fablica a los valores econ\u00f3micos del a\u00f1o 2019, contemplando las variaciones en la inflaci\u00f3n, y apunt\u00f3 que el resultado arroja un beneficio para el Estado provincial del 27 por ciento.<\/p>\n<p>&#8220;A simple vista aparecen como dos hechos importantes una reducci\u00f3n en las comisiones y la propuesta de pagar un canon&#8221;, afirm\u00f3 el titular de la cartera econ\u00f3mica, y agreg\u00f3 en relaci\u00f3n al nuevo contrato: &#8221; no hay una lesividad, sino que hay un beneficio&#8221;.<\/p>\n<p>Por otra parte, puso de relieve que, de acuerdo al nuevo contrato, el oferente &#8220;va a tributar como cualquier contribuyente por las comisiones que le cobre a la provincia de Entre R\u00edos por el servicio de agente financiero&#8221;, tanto en lo que refiere a Ingresos Brutos como Sellos.<\/p>\n<p>Por \u00faltimo Ballay resalt\u00f3 que el procedimiento de licitaci\u00f3n p\u00fablica se llev\u00f3 a cabo cumplimentando toda la legalidad vigente y que cont\u00f3 con la aprobaci\u00f3n de los organismos de control previos y posteriores e, incluso, volvi\u00f3 a destacar que por decisi\u00f3n del gobernador se contempl\u00f3 la participaci\u00f3n de la legislatura durante el tr\u00e1mite administrativo a trav\u00e9s de la creaci\u00f3n de la comisi\u00f3n de seguimiento.<\/p>\n","protected":false},"excerpt":{"rendered":"<p>Convocado por la C\u00e1mara de Diputados, el ministro de Econom\u00eda, Hugo Ballay, expuso los detalles del proceso de licitaci\u00f3n p\u00fablica destinada a contratar los servicios de agente financiero de la provincia &nbsp; &nbsp; Resalt\u00f3 los beneficios de esta nueva oferta para el Estado y explic\u00f3 el cumplimiento de los pasos legales y administrativos. En horas del mediod\u00eda la C\u00e1mara de Diputados aprob\u00f3 la resoluci\u00f3n para convocar al ministro de Econom\u00eda Hugo Ballay para exponer sobre la adjudicaci\u00f3n del contrato del agente financiero de la provincia. El funcionario decidi\u00f3 asistir de&#8230;<\/p>\n","protected":false},"author":3,"featured_media":66097,"comment_status":"closed","ping_status":"closed","sticky":false,"template":"","format":"standard","meta":[],"categories":[9],"tags":[],"_links":{"self":[{"href":"https:\/\/www.actualidadadiario.com\/index.php\/wp-json\/wp\/v2\/posts\/66096"}],"collection":[{"href":"https:\/\/www.actualidadadiario.com\/index.php\/wp-json\/wp\/v2\/posts"}],"about":[{"href":"https:\/\/www.actualidadadiario.com\/index.php\/wp-json\/wp\/v2\/types\/post"}],"author":[{"embeddable":true,"href":"https:\/\/www.actualidadadiario.com\/index.php\/wp-json\/wp\/v2\/users\/3"}],"replies":[{"embeddable":true,"href":"https:\/\/www.actualidadadiario.com\/index.php\/wp-json\/wp\/v2\/comments?post=66096"}],"version-history":[{"count":1,"href":"https:\/\/www.actualidadadiario.com\/index.php\/wp-json\/wp\/v2\/posts\/66096\/revisions"}],"predecessor-version":[{"id":66098,"href":"https:\/\/www.actualidadadiario.com\/index.php\/wp-json\/wp\/v2\/posts\/66096\/revisions\/66098"}],"wp:featuredmedia":[{"embeddable":true,"href":"https:\/\/www.actualidadadiario.com\/index.php\/wp-json\/wp\/v2\/media\/66097"}],"wp:attachment":[{"href":"https:\/\/www.actualidadadiario.com\/index.php\/wp-json\/wp\/v2\/media?parent=66096"}],"wp:term":[{"taxonomy":"category","embeddable":true,"href":"https:\/\/www.actualidadadiario.com\/index.php\/wp-json\/wp\/v2\/categories?post=66096"},{"taxonomy":"post_tag","embeddable":true,"href":"https:\/\/www.actualidadadiario.com\/index.php\/wp-json\/wp\/v2\/tags?post=66096"}],"curies":[{"name":"wp","href":"https:\/\/api.w.org\/{rel}","templated":true}]}}