{"id":66093,"date":"2020-08-26T12:55:58","date_gmt":"2020-08-26T15:55:58","guid":{"rendered":"https:\/\/www.actualidadadiario.com\/?p=66093"},"modified":"2020-08-26T12:55:58","modified_gmt":"2020-08-26T15:55:58","slug":"francisco-denuncio-que-el-coronavirus-agravo-la-brecha-entre-clases-sociales","status":"publish","type":"post","link":"https:\/\/www.actualidadadiario.com\/index.php\/2020\/08\/26\/francisco-denuncio-que-el-coronavirus-agravo-la-brecha-entre-clases-sociales\/","title":{"rendered":"Francisco denunci\u00f3 que el coronavirus agrav\u00f3 la &#8220;brecha entre clases sociales&#8221;"},"content":{"rendered":"<p style=\"text-align: center;\"><em><strong>El Papa asegur\u00f3 que &#8220;unos pocos muy ricos poseen m\u00e1s que todo el resto de la humanidad&#8221;, durante la Audiencia General que encabez\u00f3 por streaming desde la biblioteca del Palacio Apost\u00f3lico del Vaticano<\/strong><\/em><\/p>\n<p>&nbsp;<\/p>\n<p>&nbsp;<\/p>\n<p>El papa Francisco denunci\u00f3 hoy que la pandemia de coronavirus agrav\u00f3 la &#8220;brecha entre clases sociales&#8221; de una &#8220;econom\u00eda enferma&#8221; en la que &#8220;unos pocos muy ricos poseen m\u00e1s que todo el resto de la humanidad&#8221;, mientras el Vaticano inform\u00f3 que la semana pr\u00f3xima el pont\u00edfice volver\u00e1 a encabezar eventos con p\u00fablico, suspendidos desde inicios de marzo.<\/p>\n<p>&#8220;La pandemia ha puesto de relieve y agravado problemas sociales, sobre todo la brecha entre las clases sociales&#8221;, sostuvo el pont\u00edfice durante la Audiencia General que encabez\u00f3 en streaming desde la biblioteca del Palacio Apost\u00f3lico del Vaticano.<\/p>\n<p>&#8220;Algunos pueden trabajar desde casa, mientras que para muchos otros esto es imposible. Ciertos ni\u00f1os, a pesar de las dificultades, pueden seguir recibiendo una educaci\u00f3n escolar, mientras que para much\u00edsimos otros esta se ha interrumpido bruscamente&#8221;, ejemplific\u00f3 el Papa.<\/p>\n<p>En ese marco, Jorge Bergoglio lament\u00f3 que &#8220;algunas naciones poderosas pueden emitir moneda para afrontar la emergencia, mientras que para otras esto significar\u00eda hipotecar el futuro&#8221;.<\/p>\n<p>Tras la audiencia, el Vaticano inform\u00f3 en un comunicado que a partir del pr\u00f3ximo mi\u00e9rcoles el Papa volver\u00e1 a celebrar sus encuentros semanales con la presencia de fieles, como era costumbre hasta que a inicios de marzo la emergencia sanitaria oblig\u00f3 a la Santa Sede a suspender los eventos con p\u00fablico.<\/p>\n<p>Las audiencias se celebrar\u00e1n en el Patio de San D\u00e1maso, dentro del Vaticano, y no en la Plaza San Pedro como es habitual, &#8220;sin necesidad de billetes de ingreso&#8221; y &#8220;siguiendo las indicaciones sanitarias de las autoridades&#8221;, explic\u00f3 la Santa Sede.<\/p>\n<p>En su mensaje, el Papa plante\u00f3 adem\u00e1s que &#8220;la desigualdad que se vive revela una enfermedad social, un virus que proviene de una econom\u00eda enferma, fruto de un crecimiento econ\u00f3mico que ignora los valores humanos fundamentales&#8221;.<\/p>\n<p>&#8220;En el mundo de hoy, unos pocos muy ricos poseen m\u00e1s que todo el resto de la humanidad&#8221;, denunci\u00f3, en l\u00ednea con los an\u00e1lisis de organizaciones como Oxfam que a inicios de a\u00f1o revelaron que el 1% de los ricos del mundo tiene tanta riqueza como 4.600 millones de personas.<\/p>\n<p>En esa l\u00ednea, Francisco critic\u00f3 los da\u00f1os que se le hacen al medio ambiente y plante\u00f3 que &#8220;este modelo econ\u00f3mico es indiferente a los da\u00f1os infligidos a la casa com\u00fan&#8221;.<\/p>\n<p>&#8220;Estamos cerca de superar muchos de los l\u00edmites de nuestro maravilloso planeta, con consecuencias graves e irreversibles: de la p\u00e9rdida de biodiversidad y del cambio clim\u00e1tico hasta el aumento del nivel de los mares y a la destrucci\u00f3n de los bosques tropicales&#8221;, lament\u00f3.<\/p>\n<p>La \u00faltima Audiencia General que Francisco celebr\u00f3 con p\u00fablico fue la del 26 de febrero, antes de que la pandemia de coronavirus obligara a la Santa Sede a adoptar un sistema de transmisi\u00f3n en streaming desde el Palacio Apost\u00f3lico que se mantuvo hasta hoy.<\/p>\n","protected":false},"excerpt":{"rendered":"<p>El Papa asegur\u00f3 que &#8220;unos pocos muy ricos poseen m\u00e1s que todo el resto de la humanidad&#8221;, durante la Audiencia General que encabez\u00f3 por streaming desde la biblioteca del Palacio Apost\u00f3lico del Vaticano &nbsp; &nbsp; El papa Francisco denunci\u00f3 hoy que la pandemia de coronavirus agrav\u00f3 la &#8220;brecha entre clases sociales&#8221; de una &#8220;econom\u00eda enferma&#8221; en la que &#8220;unos pocos muy ricos poseen m\u00e1s que todo el resto de la humanidad&#8221;, mientras el Vaticano inform\u00f3 que la semana pr\u00f3xima el pont\u00edfice volver\u00e1 a encabezar eventos con p\u00fablico, suspendidos desde inicios&#8230;<\/p>\n","protected":false},"author":3,"featured_media":66094,"comment_status":"closed","ping_status":"closed","sticky":false,"template":"","format":"standard","meta":[],"categories":[4],"tags":[],"_links":{"self":[{"href":"https:\/\/www.actualidadadiario.com\/index.php\/wp-json\/wp\/v2\/posts\/66093"}],"collection":[{"href":"https:\/\/www.actualidadadiario.com\/index.php\/wp-json\/wp\/v2\/posts"}],"about":[{"href":"https:\/\/www.actualidadadiario.com\/index.php\/wp-json\/wp\/v2\/types\/post"}],"author":[{"embeddable":true,"href":"https:\/\/www.actualidadadiario.com\/index.php\/wp-json\/wp\/v2\/users\/3"}],"replies":[{"embeddable":true,"href":"https:\/\/www.actualidadadiario.com\/index.php\/wp-json\/wp\/v2\/comments?post=66093"}],"version-history":[{"count":1,"href":"https:\/\/www.actualidadadiario.com\/index.php\/wp-json\/wp\/v2\/posts\/66093\/revisions"}],"predecessor-version":[{"id":66095,"href":"https:\/\/www.actualidadadiario.com\/index.php\/wp-json\/wp\/v2\/posts\/66093\/revisions\/66095"}],"wp:featuredmedia":[{"embeddable":true,"href":"https:\/\/www.actualidadadiario.com\/index.php\/wp-json\/wp\/v2\/media\/66094"}],"wp:attachment":[{"href":"https:\/\/www.actualidadadiario.com\/index.php\/wp-json\/wp\/v2\/media?parent=66093"}],"wp:term":[{"taxonomy":"category","embeddable":true,"href":"https:\/\/www.actualidadadiario.com\/index.php\/wp-json\/wp\/v2\/categories?post=66093"},{"taxonomy":"post_tag","embeddable":true,"href":"https:\/\/www.actualidadadiario.com\/index.php\/wp-json\/wp\/v2\/tags?post=66093"}],"curies":[{"name":"wp","href":"https:\/\/api.w.org\/{rel}","templated":true}]}}