{"id":66087,"date":"2020-08-26T12:54:18","date_gmt":"2020-08-26T15:54:18","guid":{"rendered":"https:\/\/www.actualidadadiario.com\/?p=66087"},"modified":"2020-08-26T12:54:18","modified_gmt":"2020-08-26T15:54:18","slug":"el-mundo-registra-mas-de-235-millones-de-casos-y-suma-dos-reinfectados","status":"publish","type":"post","link":"https:\/\/www.actualidadadiario.com\/index.php\/2020\/08\/26\/el-mundo-registra-mas-de-235-millones-de-casos-y-suma-dos-reinfectados\/","title":{"rendered":"El mundo registra m\u00e1s de 23,5 millones de casos y suma dos reinfectados"},"content":{"rendered":"<p style=\"text-align: center;\"><em><strong>Se reportaron m\u00e1s de 206.000 en la v\u00edspera, entre los que se cuentan dos reinfecciones, mientras en varios pa\u00edses de Europa y Asia se siguen debatiendo las medidas sanitarias para el reinicio del ciclo lectivo<\/strong><\/em><\/p>\n<p>&nbsp;<\/p>\n<p>&nbsp;<\/p>\n<p>La cifra exacta de casos positivos relevados por la Organizaci\u00f3n Mundial de la Salud (OMS) en las \u00faltimas 24 horas fue de 206.382, con un notable descenso respecto de los 253.963 reportados ayer o los 244.223 del domingo. El 16 de este mes, la OMS hab\u00eda comunicado 294.237 contagios.<\/p>\n<p>Para el organismo multilateral, las muertes totales por la pandemia sumaban hoy 810.492, de las cuales 4.056 se documentaron en la \u00faltima jornada.<\/p>\n<p>En total, Am\u00e9rica registra m\u00e1s de 12,5 millones de infectados.<\/p>\n<p>Estados Unidos se mantiene a la cabeza del ranking de los pa\u00edses m\u00e1s afectados del globo, con m\u00e1s de 5,75 millones de contagios y m\u00e1s de 177.600 muertes, seg\u00fan el recuento permanente de la Universidad Johns Hopkins.<\/p>\n<p>La segunda naci\u00f3n con m\u00e1s casos y m\u00e1s muertes es Brasil, con m\u00e1s de 3,62 millones y 115.306, respectivamente, y a nivel de contagios es seguida por India, con 3,16 millones de infectados, mientras que de acuerdo a los decesos, el tercer lugar es para M\u00e9xico, con 60.800, aunque con apenas unos 2.000 m\u00e1s que India.<\/p>\n<p>En la \u00faltima jornada Am\u00e9rica contabiliz\u00f3 96.000 nuevos contagios de la Covid-19 y es el continente donde m\u00e1s r\u00e1pido se expande el virus, con excepci\u00f3n de India, donde la propagaci\u00f3n es irrefrenable y alcanz\u00f3 casi 61.000 infectados en un d\u00eda.<\/p>\n<p>A nivel global, entre los diez pa\u00edses con m\u00e1s infectados, tambi\u00e9n figura Per\u00fa, en sexto lugar, con m\u00e1s de 600.430 casos y m\u00e1s de 27.800 defunciones, mientras se encamina a probar una segunda vacuna y la primera ingresa en la tercera fase de pruebas cl\u00ednicas.<\/p>\n<p>Adem\u00e1s, en octavo lugar est\u00e1 Colombia con m\u00e1s de medio mill\u00f3n de infectados y m\u00e1s de 17.600 decesos, y Chile est\u00e1 d\u00e9cimo con casi 400.000 y m\u00e1s de 10.950, respectivamente.<\/p>\n<p>Paralelamente, en Europa se sobrepasaron los cuatro millones de enfermos desde el inicio de la pandemia, aproximadamente un tercio de lo que se contabiliza en Am\u00e9rica, un total que hoy contempl\u00f3 a los dos primeros reinfectados de la Covid-19 en el viejo continente, informaron vir\u00f3logos holandeses y belgas.<\/p>\n<p>Estas dos reinfecciones se dan a conocer luego de que ayer se difundiera el primer caso confirmado de un hombre hongkon\u00e9s, de 33 a\u00f1os, que hab\u00eda sido dado de alta en abril y que se infect\u00f3 de coronavirus por segunda vez en cuatro meses.<\/p>\n<p>Los nuevos casos detectados hoy son de un paciente de Pa\u00edses Bajos, un anciano con un sistema inmunol\u00f3gico d\u00e9bil, que presenta una versi\u00f3n del virus con una variaci\u00f3n a su ARN (\u00e1cido ribonucleico) y el de una mujer belga, de 50 a\u00f1os, que volvi\u00f3 a dar positivo en agosto, tras haber superado la enfermedad con s\u00edntomas leves tres meses atr\u00e1s.<\/p>\n<p>&#8220;Todas las infecciones por SARS-CoV-2 tienen una huella digital diferente, un c\u00f3digo gen\u00e9tico&#8221;, explic\u00f3 la vir\u00f3loga Marion Koopmnas, asesora del Gobierno neerland\u00e9s y de la OMS.<\/p>\n<p>Tras las dos nuevas confirmaciones, las preguntas que se hacen los cient\u00edficos tienen que ver con la duraci\u00f3n promedio de la inmunidad tras haberse detectado.<\/p>\n<p>La inmunidad no impide que una persona vuelva a contraer el virus, pero para el jefe del departamento de enfermedades infecciosas del hospital Saint Pierre de Bruselas, St\u00e9phane de Wit, &#8220;permite al cuerpo reaccionar de inmediato para que el individuo se defienda y no desarrolle s\u00edntomas o los desarrolle de forma mucho menos severa que la primera vez&#8221;.<\/p>\n<p>Otro de los temas que se debat\u00edan hoy en los pa\u00edses del mundo giraban en torno del reinicio del ciclo lectivo y las medidas sanitarias.<\/p>\n<p>El Gobierno italiano definir\u00e1 en las pr\u00f3ximas horas un plan integral que apoye al Ministerio de Educaci\u00f3n en el reinicio de clases el 14 de septiembre, en l\u00ednea con el inicio habitual de las clases tras la pausa estival, y que contemple medidas de transporte, sanitarias y log\u00edsticas que permitan un regreso seguro a las aulas.<\/p>\n<p>En tanto, el Gobierno espa\u00f1ol anunci\u00f3 hoy que las comunidades aut\u00f3nomas pueden solicitar la declaraci\u00f3n del estado de alarma para frenar los contagios de la Covid-19, sin que ello suponga volver al confinamiento, pero prioriz\u00f3 trabajar para que el curso escolar comience con normalidad y seguridad.<\/p>\n<p>&#8220;Las puertas de los colegios deben abrirse. Las familias de este pa\u00eds est\u00e1n esperando que esto suceda y se los debemos&#8221;, subray\u00f3, el presidente espa\u00f1ol, Pedro S\u00e1nchez, en medio de las cr\u00edticas por la incertidumbre que existe en torno a los protocolos en materia de educaci\u00f3n cuando apenas faltan unas semanas para el reinicio de las clases.<\/p>\n<p>El Gobierno brit\u00e1nico, ya estaba bajo presi\u00f3n para recomendar el uso de tapabocas en escuelas secundarias en Inglaterra, y el anuncio de Escocia de que desde hoy es obligatorio para los alumnos de 12 o m\u00e1s a\u00f1os lo puso a\u00fan m\u00e1s entre la espada y la pared.<\/p>\n<p>Dentro del Reino Unido, las escuelas de Escocia fueron las primeras en abrir, seguidas de las de Irlanda del Norte, mientras que las de Inglaterra y Gales tienen previsto reabrir en septiembre.<\/p>\n<p>En la capital de China, Beijing, se realizar\u00e1n test de coronavirus a todos los estudiantes a partir del 9 de septiembre, y el costo de las pruebas ser\u00e1 afrontado por las propias casas de estudio, mientras que en Corea del Sur, Se\u00fal cerrar\u00e1 las escuelas y retomar\u00e1 desde ma\u00f1ana las clases online.<\/p>\n","protected":false},"excerpt":{"rendered":"<p>Se reportaron m\u00e1s de 206.000 en la v\u00edspera, entre los que se cuentan dos reinfecciones, mientras en varios pa\u00edses de Europa y Asia se siguen debatiendo las medidas sanitarias para el reinicio del ciclo lectivo &nbsp; &nbsp; La cifra exacta de casos positivos relevados por la Organizaci\u00f3n Mundial de la Salud (OMS) en las \u00faltimas 24 horas fue de 206.382, con un notable descenso respecto de los 253.963 reportados ayer o los 244.223 del domingo. El 16 de este mes, la OMS hab\u00eda comunicado 294.237 contagios. Para el organismo multilateral,&#8230;<\/p>\n","protected":false},"author":3,"featured_media":66088,"comment_status":"closed","ping_status":"closed","sticky":false,"template":"","format":"standard","meta":[],"categories":[4],"tags":[],"_links":{"self":[{"href":"https:\/\/www.actualidadadiario.com\/index.php\/wp-json\/wp\/v2\/posts\/66087"}],"collection":[{"href":"https:\/\/www.actualidadadiario.com\/index.php\/wp-json\/wp\/v2\/posts"}],"about":[{"href":"https:\/\/www.actualidadadiario.com\/index.php\/wp-json\/wp\/v2\/types\/post"}],"author":[{"embeddable":true,"href":"https:\/\/www.actualidadadiario.com\/index.php\/wp-json\/wp\/v2\/users\/3"}],"replies":[{"embeddable":true,"href":"https:\/\/www.actualidadadiario.com\/index.php\/wp-json\/wp\/v2\/comments?post=66087"}],"version-history":[{"count":1,"href":"https:\/\/www.actualidadadiario.com\/index.php\/wp-json\/wp\/v2\/posts\/66087\/revisions"}],"predecessor-version":[{"id":66089,"href":"https:\/\/www.actualidadadiario.com\/index.php\/wp-json\/wp\/v2\/posts\/66087\/revisions\/66089"}],"wp:featuredmedia":[{"embeddable":true,"href":"https:\/\/www.actualidadadiario.com\/index.php\/wp-json\/wp\/v2\/media\/66088"}],"wp:attachment":[{"href":"https:\/\/www.actualidadadiario.com\/index.php\/wp-json\/wp\/v2\/media?parent=66087"}],"wp:term":[{"taxonomy":"category","embeddable":true,"href":"https:\/\/www.actualidadadiario.com\/index.php\/wp-json\/wp\/v2\/categories?post=66087"},{"taxonomy":"post_tag","embeddable":true,"href":"https:\/\/www.actualidadadiario.com\/index.php\/wp-json\/wp\/v2\/tags?post=66087"}],"curies":[{"name":"wp","href":"https:\/\/api.w.org\/{rel}","templated":true}]}}