{"id":66079,"date":"2020-08-26T12:51:49","date_gmt":"2020-08-26T15:51:49","guid":{"rendered":"https:\/\/www.actualidadadiario.com\/?p=66079"},"modified":"2020-08-26T12:51:49","modified_gmt":"2020-08-26T15:51:49","slug":"hubo-168-femicidios-en-los-primeros-siete-meses-de-2020","status":"publish","type":"post","link":"https:\/\/www.actualidadadiario.com\/index.php\/2020\/08\/26\/hubo-168-femicidios-en-los-primeros-siete-meses-de-2020\/","title":{"rendered":"Hubo 168 femicidios en los primeros siete meses de 2020"},"content":{"rendered":"<p style=\"text-align: center;\"><em><strong>Implica un 15% m\u00e1s de casos respecto al mismo periodo del a\u00f1o pasado<\/strong><\/em><\/p>\n<p>&nbsp;<\/p>\n<p>&nbsp;<\/p>\n<p>Desde que inici\u00f3 el a\u00f1o se registr\u00f3 un total de 168 femicidios. Respecto al a\u00f1o pasado durante el mismo periodo aumentaron un 15 por ciento.<\/p>\n<p>Lo comunic\u00f3 el Observatorio de Femicidios de la Defensor\u00eda del Pueblo de la Naci\u00f3n, que atribuy\u00f3 este incremento a la dificultad de protecci\u00f3n que atravesaron las v\u00edctimas durante la cuarentena dispuesta el 20 de marzo en el pa\u00eds.<\/p>\n<p>&#8220;El aislamiento social y preventivo contra el Covid-19 trajo aparejada la prohibici\u00f3n de la libertad o resguardo de la convivencia de la v\u00edctima con su agresor, y con ella, la dificultad de protegerse, independientemente de los diferentes dispositivos de comunicaci\u00f3n que se implementaron&#8221;, indica el informe.<\/p>\n<p>El informe del Observatorio detalla que, del total de casos, 13 fueron femicidios vinculados -es decir, aquellos en los que el prop\u00f3sito del agresor es provocar sufrimiento a la v\u00edctima, un agravante incluido en el inciso 12 del art\u00edculo 80 del C\u00f3digo Penal.<\/p>\n<p>Adem\u00e1s, precisa que durante la etapa estudiada fueron asesinadas dos mujeres trans y se produjeron dos &#8220;suicidios feminicidas&#8221;, categor\u00eda con la que se denominan los hechos en los que &#8220;las mujeres se quitan la vida como consecuencia de los abusos sistem\u00e1ticos perpetrados por los hombres&#8221;, los cuales a\u00fan hoy &#8220;siguen impunes&#8221;.<\/p>\n<p>Las estad\u00edsticas elaboradas destacan que 106 de los femicidios fueron cometidos por la pareja o la ex pareja de la v\u00edctima. 74 mujeres fueron asesinadas por su pareja, 32 por su expareja y otras 35 por conocidos o familiares, mientras que un porcentaje menor refiere a desconocidos.<\/p>\n","protected":false},"excerpt":{"rendered":"<p>Implica un 15% m\u00e1s de casos respecto al mismo periodo del a\u00f1o pasado &nbsp; &nbsp; Desde que inici\u00f3 el a\u00f1o se registr\u00f3 un total de 168 femicidios. Respecto al a\u00f1o pasado durante el mismo periodo aumentaron un 15 por ciento. Lo comunic\u00f3 el Observatorio de Femicidios de la Defensor\u00eda del Pueblo de la Naci\u00f3n, que atribuy\u00f3 este incremento a la dificultad de protecci\u00f3n que atravesaron las v\u00edctimas durante la cuarentena dispuesta el 20 de marzo en el pa\u00eds. &#8220;El aislamiento social y preventivo contra el Covid-19 trajo aparejada la prohibici\u00f3n&#8230;<\/p>\n","protected":false},"author":3,"featured_media":61536,"comment_status":"closed","ping_status":"closed","sticky":false,"template":"","format":"standard","meta":[],"categories":[4],"tags":[],"_links":{"self":[{"href":"https:\/\/www.actualidadadiario.com\/index.php\/wp-json\/wp\/v2\/posts\/66079"}],"collection":[{"href":"https:\/\/www.actualidadadiario.com\/index.php\/wp-json\/wp\/v2\/posts"}],"about":[{"href":"https:\/\/www.actualidadadiario.com\/index.php\/wp-json\/wp\/v2\/types\/post"}],"author":[{"embeddable":true,"href":"https:\/\/www.actualidadadiario.com\/index.php\/wp-json\/wp\/v2\/users\/3"}],"replies":[{"embeddable":true,"href":"https:\/\/www.actualidadadiario.com\/index.php\/wp-json\/wp\/v2\/comments?post=66079"}],"version-history":[{"count":1,"href":"https:\/\/www.actualidadadiario.com\/index.php\/wp-json\/wp\/v2\/posts\/66079\/revisions"}],"predecessor-version":[{"id":66080,"href":"https:\/\/www.actualidadadiario.com\/index.php\/wp-json\/wp\/v2\/posts\/66079\/revisions\/66080"}],"wp:featuredmedia":[{"embeddable":true,"href":"https:\/\/www.actualidadadiario.com\/index.php\/wp-json\/wp\/v2\/media\/61536"}],"wp:attachment":[{"href":"https:\/\/www.actualidadadiario.com\/index.php\/wp-json\/wp\/v2\/media?parent=66079"}],"wp:term":[{"taxonomy":"category","embeddable":true,"href":"https:\/\/www.actualidadadiario.com\/index.php\/wp-json\/wp\/v2\/categories?post=66079"},{"taxonomy":"post_tag","embeddable":true,"href":"https:\/\/www.actualidadadiario.com\/index.php\/wp-json\/wp\/v2\/tags?post=66079"}],"curies":[{"name":"wp","href":"https:\/\/api.w.org\/{rel}","templated":true}]}}