{"id":66028,"date":"2020-08-26T12:35:57","date_gmt":"2020-08-26T15:35:57","guid":{"rendered":"https:\/\/www.actualidadadiario.com\/?p=66028"},"modified":"2020-08-26T12:35:57","modified_gmt":"2020-08-26T15:35:57","slug":"el-gobierno-provincial-fortalecera-las-politicas-locales-en-genero-y-diversidad-en-todo-el-territorio","status":"publish","type":"post","link":"https:\/\/www.actualidadadiario.com\/index.php\/2020\/08\/26\/el-gobierno-provincial-fortalecera-las-politicas-locales-en-genero-y-diversidad-en-todo-el-territorio\/","title":{"rendered":"El gobierno provincial fortalecer\u00e1 las pol\u00edticas locales en g\u00e9nero y diversidad en todo el territorio"},"content":{"rendered":"<p style=\"text-align: center;\"><em><strong>En el marco del trabajo articulado que la provincia realiza con los gobiernos locales en materia de g\u00e9nero y diversidad, la vicegobernadora Laura Stratta y la ministra de Desarrollo Social, Marisa Paira, presentaron el Programa de Fortalecimiento de Pol\u00edticas Locales de G\u00e9nero<\/strong><\/em><\/p>\n<p>&nbsp;<\/p>\n<p>&nbsp;<\/p>\n<p>El gobierno entrerriano viene consolidando una estrategia integral de abordaje de las situaciones vinculadas al g\u00e9nero y la diversidad, con el compromiso de trabajar mancomundamente para la erradicaci\u00f3n de las formas de la violencia que se suscitan. En este contexto el intendente de San Salvador, Lucas Larrarte, acompa\u00f1ado por el senador Marcelo Berthet, firm\u00f3 el primer convenio para la implementaci\u00f3n de esta pol\u00edtica p\u00fablica. Adem\u00e1s, participaron del encuentro virtual la secretaria de Mujeres, G\u00e9nero y Diversidad, Mariana Broggi; y la subsecretaria de Mujeres, Valeria Migueles.<\/p>\n<p>Al hacer uso de la palabra la vicegobernadora se\u00f1al\u00f3: &#8220;Hoy presentamos formalmente el Programa de Fortalecimiento de Pol\u00edticas Locales de G\u00e9nero en cada uno de los territorios. Es un pedido del gobernador Bordet que podamos tener en cada rinc\u00f3n de nuestra provincia estrategias locales de abordaje de la violencia por razones de g\u00e9nero y diversidad\u201d, dijo y a\u00f1adi\u00f3: \u201cNos parece importante resaltar el compromiso que hay con la tem\u00e1tica para abordarla de manera integral, para trabajar desde la corresponsabilidad y darle fortaleza a quienes desde el territorio son la primera puerta que se golpea cuando un derecho es vulnerado\u201d.<\/p>\n<p>Stratta resalt\u00f3 adem\u00e1s que la actividad se enmarca en una serie de acciones que lleva adelante el gobierno provincial con el objetivo de construir \u201cun Estado presente que promueve y acompa\u00f1a los proyectos de vida de las mujeres y sus familias&#8221;. En ese sentido indic\u00f3 adem\u00e1s: \u201cHemos estado trabajando en conjunto para presentar un nuevo r\u00e9gimen de prevenci\u00f3n y erradicaci\u00f3n de la violencia por razones de g\u00e9nero y en el marco del acompa\u00f1amiento que se hace a las mujeres en los hogares de protecci\u00f3n\u201d.<\/p>\n<p>Por su parte, la ministra de Desarrollo Social manifest\u00f3: \u201cEn la actualidad, fruto del camino que la provincia viene construyendo con los gobiernos locales, tenemos 43 \u00e1reas municipales especificas, de las cuales 33 tienen juzgados de referencia. Este dato es importante para mirar el abordaje integral que nos demandan las problem\u00e1ticas de violencia, g\u00e9nero y diversidad, y que a trav\u00e9s de este programa nos permita reforzar el trabajo que realizan los equipos en el territorio\u201d.<\/p>\n<p>De la misma manera, Paira subray\u00f3: \u201cEsta pol\u00edtica prev\u00e9 un trabajo espec\u00edfico con cada gobierno local para fortalecer la atenci\u00f3n de las situaciones de violencia y la articulaci\u00f3n con los espacios judiciales territoriales que tienen a su cargo la aplicaci\u00f3n de la Ley 10.058. Y es importante resaltar que este programa considera un refuerzo en materia alimentaria para los refugios y espacios de cuidado de mujeres, lo que implica un aporte a las respuestas que tenemos en diversas partes de la provincia ante las medidas que se toman por violencia de g\u00e9nero\u201d.<\/p>\n<p>A su turno, el intendente Larrarte indic\u00f3: \u201cPara nosotros es un enorme desaf\u00edo continuar generando espacios espec\u00edficos de cuidado y apoyo en lo que es esencial para la poblaci\u00f3n, en este caso para las mujeres de la provincia y nuestra ciudad. El aporte econ\u00f3mico de la provincia, que no es un tema menor en esta pol\u00edtica, nos permitir\u00e1 enfocar los esfuerzos en brindar soluciones para situaciones que da\u00f1an los derechos de las mujeres\u201d.<\/p>\n<p>&nbsp;<\/p>\n<p><strong>Detalles del programa<\/strong><\/p>\n<p>El convenio con el municipio de San Salvador fue rubricado en el marco del Programa de Fortalecimiento de Pol\u00edticas<\/p>\n<p>Locales en G\u00e9nero, creado mediante el decreto N\u00b01203. A partir de ahora se celebrar\u00e1n firmas de convenios de colaboraci\u00f3n para aunar fuerzas con los gobiernos locales de la provincia.<\/p>\n<p>El objetivo del programa es fortalecer la respuesta del Estado en el \u00e1mbito de los municipios, comunas y juntas de gobierno en todo el territorio provincial, permitiendo un abordaje integral de la problem\u00e1tica de violencia de g\u00e9nero y diversidad sexual.<\/p>\n<p>La provincia brindar\u00e1 financiamiento para reforzar recursos que actualmente se destinan a las \u00e1reas espec\u00edficas. En una primera instancia alcanzar\u00e1 a 45 localidades priorizando zonas donde la problem\u00e1tica se aborde solo desde la Justicia, y en 2021 se extender\u00e1 a 55 \u00e1reas municipales.<\/p>\n","protected":false},"excerpt":{"rendered":"<p>En el marco del trabajo articulado que la provincia realiza con los gobiernos locales en materia de g\u00e9nero y diversidad, la vicegobernadora Laura Stratta y la ministra de Desarrollo Social, Marisa Paira, presentaron el Programa de Fortalecimiento de Pol\u00edticas Locales de G\u00e9nero &nbsp; &nbsp; El gobierno entrerriano viene consolidando una estrategia integral de abordaje de las situaciones vinculadas al g\u00e9nero y la diversidad, con el compromiso de trabajar mancomundamente para la erradicaci\u00f3n de las formas de la violencia que se suscitan. En este contexto el intendente de San Salvador, Lucas&#8230;<\/p>\n","protected":false},"author":3,"featured_media":66029,"comment_status":"closed","ping_status":"closed","sticky":false,"template":"","format":"standard","meta":[],"categories":[15],"tags":[],"_links":{"self":[{"href":"https:\/\/www.actualidadadiario.com\/index.php\/wp-json\/wp\/v2\/posts\/66028"}],"collection":[{"href":"https:\/\/www.actualidadadiario.com\/index.php\/wp-json\/wp\/v2\/posts"}],"about":[{"href":"https:\/\/www.actualidadadiario.com\/index.php\/wp-json\/wp\/v2\/types\/post"}],"author":[{"embeddable":true,"href":"https:\/\/www.actualidadadiario.com\/index.php\/wp-json\/wp\/v2\/users\/3"}],"replies":[{"embeddable":true,"href":"https:\/\/www.actualidadadiario.com\/index.php\/wp-json\/wp\/v2\/comments?post=66028"}],"version-history":[{"count":1,"href":"https:\/\/www.actualidadadiario.com\/index.php\/wp-json\/wp\/v2\/posts\/66028\/revisions"}],"predecessor-version":[{"id":66030,"href":"https:\/\/www.actualidadadiario.com\/index.php\/wp-json\/wp\/v2\/posts\/66028\/revisions\/66030"}],"wp:featuredmedia":[{"embeddable":true,"href":"https:\/\/www.actualidadadiario.com\/index.php\/wp-json\/wp\/v2\/media\/66029"}],"wp:attachment":[{"href":"https:\/\/www.actualidadadiario.com\/index.php\/wp-json\/wp\/v2\/media?parent=66028"}],"wp:term":[{"taxonomy":"category","embeddable":true,"href":"https:\/\/www.actualidadadiario.com\/index.php\/wp-json\/wp\/v2\/categories?post=66028"},{"taxonomy":"post_tag","embeddable":true,"href":"https:\/\/www.actualidadadiario.com\/index.php\/wp-json\/wp\/v2\/tags?post=66028"}],"curies":[{"name":"wp","href":"https:\/\/api.w.org\/{rel}","templated":true}]}}