{"id":66025,"date":"2020-08-26T12:35:05","date_gmt":"2020-08-26T15:35:05","guid":{"rendered":"https:\/\/www.actualidadadiario.com\/?p=66025"},"modified":"2020-08-26T12:35:05","modified_gmt":"2020-08-26T15:35:05","slug":"nacion-y-provincias-profundizan-los-lineamientos-pedagogicos-de-la-educacion-obligatoria","status":"publish","type":"post","link":"https:\/\/www.actualidadadiario.com\/index.php\/2020\/08\/26\/nacion-y-provincias-profundizan-los-lineamientos-pedagogicos-de-la-educacion-obligatoria\/","title":{"rendered":"Naci\u00f3n y provincias profundizan los lineamientos pedag\u00f3gicos de la educaci\u00f3n obligatoria"},"content":{"rendered":"<p style=\"text-align: center;\"><em><strong>El Consejo Federal de Educaci\u00f3n aprob\u00f3 un conjunto de resoluciones que permiten ordenar la etapa de retorno progresivo a las escuelas y anticipar la continuidad de las trayectorias educativas. Servir\u00e1n como marco para los documentos de evaluaci\u00f3n, acreditaci\u00f3n y promoci\u00f3n que trabaja el CGE<\/strong><\/em><\/p>\n<p>&nbsp;<\/p>\n<p>&nbsp;<\/p>\n<p>&nbsp;<\/p>\n<p>El Consejo Federal de Educaci\u00f3n realiz\u00f3 este martes por la tarde su 98\u00aa asamblea, en la que el Ministerio de Educaci\u00f3n de la Naci\u00f3n y los ministros de las 24 jurisdicciones aprobaron de manera un\u00e1nime un conjunto articulado de las resoluciones tendientes a generar una profundizaci\u00f3n de los lineamientos pedag\u00f3gicos, que permiten ordenar la etapa de retorno progresivo a las escuelas y anticipar el modo en que se va a dar continuidad a las trayectorias educativas de todos los estudiantes del pa\u00eds que cursan la educaci\u00f3n obligatoria.<\/p>\n<p>Se aprobaron los siguientes documentos: Marco federal para la reorganizaci\u00f3n institucional de las actividades de retorno a la escuela; Criterios de evaluaci\u00f3n, acreditaci\u00f3n y promoci\u00f3n; Orientaciones para la contextualizaci\u00f3n curricular 2020-2021 y la organizaci\u00f3n de la ense\u00f1anza; Programa Acompa\u00f1ar: Puentes de Igualdad.<\/p>\n<p>Mart\u00edn M\u00fcller, presidente del Consejo General de Educaci\u00f3n, particip\u00f3 de este nuevo encuentro federal y asegur\u00f3 que las decisiones tomadas por el CFE &#8220;son muy importantes porque empiezan a marcar un horizonte de certeza a los docentes, a las escuelas y fundamentalmente a las familias, que est\u00e1n con mucha incertidumbre respecto a c\u00f3mo se va a organizar lo que queda del a\u00f1o&#8221;.<\/p>\n<p>Explic\u00f3 luego que el paquete de medidas definen &#8220;c\u00f3mo se va a evaluar, c\u00f3mo se va a acreditar, c\u00f3mo se va a promocionar y c\u00f3mo se va a calificar, ya sea en la presencialidad, en la no presencialidad o en la combinaci\u00f3n de ambos formatos&#8221;.<\/p>\n<p>En torno a su impacto en el sistema educativo provincial, M\u00fcller precis\u00f3 que &#8220;estas normativas nos dan el marco necesario para trabajar en una resoluci\u00f3n propia que que ordene lo que resta del 2020 y el inicio del ciclo lectivo 2021 en Entre R\u00edos&#8221;. El documento del CGE regular\u00e1 la evaluaci\u00f3n, acreditaci\u00f3n y promoci\u00f3n de los estudiantes entrerrianos. &#8220;Est\u00e1 muy avanzado y seguramente se termine de definir en los pr\u00f3ximos d\u00edas&#8221;, adelant\u00f3 M\u00fcller.<\/p>\n<p>Por su parte, el ministro de Educaci\u00f3n de la Naci\u00f3n, Nicol\u00e1s Trotta, enfatiz\u00f3 la necesidad de llevar certidumbre a la comunidad educativa que con gran esfuerzo transita la continuidad pedag\u00f3gica: \u201cHemos logrado generar los consensos federales en torno a las respuestas que requieren los desaf\u00edos pedag\u00f3gicos que tendremos que afrontar en el corto y mediano plazo. Buscamos llevar tranquilidad y certeza a la comunidad educativa de c\u00f3mo abordaremos el fin del ciclo lectivo y su articulaci\u00f3n con el a\u00f1o pr\u00f3ximo\u201d.<\/p>\n<p>Asimismo, el titular de la cartera educativa nacional se refiri\u00f3 a las desigualdades expuestas y amplificadas por la pandemia, para lo que \u201cel Ministerio de Educaci\u00f3n llevar\u00e1 adelante un programa para acompa\u00f1ar y contener a los estudiantes que han quedado sin escolarizaci\u00f3n en este contexto\u201d.<\/p>\n<p>&nbsp;<\/p>\n<p><strong>Definiciones generales<\/strong><\/p>\n<p>Durante la etapa de retorno progresivo a las escuelas y hasta que se disponga de una vacuna contra la COVID-19, convivir\u00e1n tres formas de transitar la educaci\u00f3n obligatoria, de acuerdo con la situaci\u00f3n epidemiol\u00f3gica de cada regi\u00f3n y las normas de seguridad sanitaria necesarias para cuidar la salud de toda la comunidad educativa: presencial, no presencial y combinada. En cada uno de los niveles obligatorios se van a reorganizar contenidos respetando los prop\u00f3sitos formativos y las metas de aprendizaje previstas en los planes de estudio.<\/p>\n<p>Con respecto al sistema de evaluaci\u00f3n, la Asamblea del CFE determin\u00f3 que todos los aprendizajes que tuvieron lugar durante 2020 ser\u00e1n evaluados y acreditados, y aquellos niveles de logro que se acrediten representar\u00e1n momentos en una progresi\u00f3n de aprendizajes que abarcar\u00e1 el ciclo 2020 y el 2021 como una \u00fanica unidad pedag\u00f3gica. La evaluaci\u00f3n podr\u00e1 ser expresada en informes descriptivos y conceptuales para que cada jurisdicci\u00f3n decida cu\u00e1ndo y con qu\u00e9 finalidad repone el uso de escalas de calificaciones.<\/p>\n<p>Para la promoci\u00f3n se considerar\u00e1n cada a\u00f1o\/grado escolar y el subsiguiente de los ciclos lectivos 2020 y 2021 como una unidad pedag\u00f3gica y curricular. Los contenidos y metas de aprendizaje previstos ser\u00e1n reorganizados de manera que puedan ser abordados entre este a\u00f1o y el pr\u00f3ximo.<\/p>\n<p>Sobre el pasaje de un nivel educativo a otro, el CFE resolvi\u00f3 que en el caso de la sala de 5 a\u00f1os del nivel inicial promocionar\u00e1n directamente al primer grado de nivel primario y en el ciclo lectivo 2021 ambos niveles trabajar\u00e1n en conjunto la planificaci\u00f3n pedag\u00f3gica.<\/p>\n<p>En lo que respecta a los estudiantes que est\u00e1n en el \u00faltimo a\u00f1o de primaria deber\u00e1n acreditar los aprendizajes previstos en los dise\u00f1os curriculares jurisdiccionales para acceder a la certificaci\u00f3n del nivel. Para ello, los mismos se reorganizar\u00e1n, poniendo especial \u00e9nfasis en la formaci\u00f3n de las capacidades previstas como prop\u00f3sitos formativos del ciclo y necesarias para continuar adecuadamente sus trayectorias educativas en el secundario. Las actividades de formaci\u00f3n podr\u00e1n extenderse hasta marzo de 2021 y la acreditaci\u00f3n final de aprendizajes tendr\u00e1 lugar en los meses de diciembre y marzo. Quienes no alcancen los niveles de logro establecidos para el mes de marzo, pasar\u00e1n al nivel secundario bajo la figura de promoci\u00f3n acompa\u00f1ada y recibir\u00e1n tiempos de ense\u00f1anza complementarios a lo largo del a\u00f1o.<\/p>\n<p>Los estudiantes que est\u00e1n en el \u00faltimo a\u00f1o de la educaci\u00f3n secundaria deber\u00e1n acreditar los aprendizajes y capacidades previstas en el perfil de egreso del plan de estudios correspondiente. En este caso tambi\u00e9n cada jurisdicci\u00f3n reorganizar\u00e1 curricularmente los contenidos y asignaturas, procurando su integraci\u00f3n en proyectos interdisciplinarios. Esta nueva organizaci\u00f3n curricular ser\u00e1 el Trayecto Curricular de Finalizaci\u00f3n del Nivel Secundario 2020 de aprobaci\u00f3n obligatoria para lo que se dispondr\u00e1n instancias de acreditaci\u00f3n en diciembre, marzo y abril. Se ofrecer\u00e1n espacios de formaci\u00f3n como m\u00ednimo durante el mes de febrero y hasta la finalizaci\u00f3n del a\u00f1o lectivo 2020 (marzo 2021). La acreditaci\u00f3n final de aprendizajes y la correspondiente certificaci\u00f3n del nivel podr\u00e1 tener lugar en los meses de diciembre 2020, marzo y abril 2021.<\/p>\n<p>Tambi\u00e9n se aprob\u00f3 el marco federal de orientaciones para la contextualizaci\u00f3n curricular 2020-2021 y la organizaci\u00f3n de la ense\u00f1anza. El documento establece un proceso de reorganizaci\u00f3n de los contenidos y metas de aprendizaje previstos en normativas curriculares vigentes en las jurisdicciones para los ciclos, niveles y modalidades de la educaci\u00f3n obligatoria. Este marco permitir\u00e1 asegurar el cumplimiento de los prop\u00f3sitos formativos de los ciclos y niveles en un nuevo reordenamiento temporal de mayor alcance al a\u00f1o calendario-a\u00f1o escolar y posibilitar\u00e1 proyectar institucionalmente este a\u00f1o y el pr\u00f3ximo como una unidad de trabajo para planificar con criterios de profundizaci\u00f3n progresiva. El documento sobre ense\u00f1anza brinda orientaciones para organizar esta tarea en escenarios presenciales, no presenciales y combinados para todos los niveles y modalidades.<\/p>\n<p>Por otro lado, se aprobaron los lineamientos generales del Programa Acompa\u00f1ar: Puentes de Igualdad con el objetivo principal de promover y facilitar la reanudaci\u00f3n de trayectorias escolares y educativas, cuya interrupci\u00f3n ha sido potenciada por la pandemia y sus consecuentes desigualdades. Adem\u00e1s, la iniciativa busca alentar y propiciar la continuidad en los estudios de todas las y los estudiantes, en todos los niveles del sistema.<\/p>\n<p>Durante el encuentro tambi\u00e9n estuvieron presentes el secretario de Cooperaci\u00f3n Educativa y Acciones Prioritarias, Pablo Gentili; la secretaria de Evaluaci\u00f3n e Informaci\u00f3n Educativa, Gabriela Diker; el jefe de Gabinete, Mat\u00edas Novoa Haidar; la subsecretaria de Gesti\u00f3n Educativa y Calidad, Ver\u00f3nica Piovani; la subsecretaria de Educaci\u00f3n Social y Cultural , Laura Sirotzky; la secretaria General del Consejo Federal de Educaci\u00f3n, Marisa Diaz y la directora del Instituto Nacional de Formaci\u00f3n Docente, Mercedes Leal.<\/p>\n<p>Adem\u00e1s por parte de la Comisi\u00f3n de Educaci\u00f3n de la Honorable C\u00e1mara de Senadores de la Naci\u00f3n, Stella Maris Olalla y por parte de la Honorable C\u00e1mara de Diputados, Hugo Yasky y Victoria Morales Gorleri. Tambi\u00e9n participaron Delfina Veirav\u00e9 en representaci\u00f3n del Consejo Interuniversitario Nacional (CIN), Rodolfo de Vincenzi del Consejo de Rectores de Universidades Privadas (CRUP) y los representantes de los cinco sindicatos docentes.<\/p>\n","protected":false},"excerpt":{"rendered":"<p>El Consejo Federal de Educaci\u00f3n aprob\u00f3 un conjunto de resoluciones que permiten ordenar la etapa de retorno progresivo a las escuelas y anticipar la continuidad de las trayectorias educativas. Servir\u00e1n como marco para los documentos de evaluaci\u00f3n, acreditaci\u00f3n y promoci\u00f3n que trabaja el CGE &nbsp; &nbsp; &nbsp; El Consejo Federal de Educaci\u00f3n realiz\u00f3 este martes por la tarde su 98\u00aa asamblea, en la que el Ministerio de Educaci\u00f3n de la Naci\u00f3n y los ministros de las 24 jurisdicciones aprobaron de manera un\u00e1nime un conjunto articulado de las resoluciones tendientes a&#8230;<\/p>\n","protected":false},"author":3,"featured_media":66026,"comment_status":"closed","ping_status":"closed","sticky":false,"template":"","format":"standard","meta":[],"categories":[15],"tags":[],"_links":{"self":[{"href":"https:\/\/www.actualidadadiario.com\/index.php\/wp-json\/wp\/v2\/posts\/66025"}],"collection":[{"href":"https:\/\/www.actualidadadiario.com\/index.php\/wp-json\/wp\/v2\/posts"}],"about":[{"href":"https:\/\/www.actualidadadiario.com\/index.php\/wp-json\/wp\/v2\/types\/post"}],"author":[{"embeddable":true,"href":"https:\/\/www.actualidadadiario.com\/index.php\/wp-json\/wp\/v2\/users\/3"}],"replies":[{"embeddable":true,"href":"https:\/\/www.actualidadadiario.com\/index.php\/wp-json\/wp\/v2\/comments?post=66025"}],"version-history":[{"count":1,"href":"https:\/\/www.actualidadadiario.com\/index.php\/wp-json\/wp\/v2\/posts\/66025\/revisions"}],"predecessor-version":[{"id":66027,"href":"https:\/\/www.actualidadadiario.com\/index.php\/wp-json\/wp\/v2\/posts\/66025\/revisions\/66027"}],"wp:featuredmedia":[{"embeddable":true,"href":"https:\/\/www.actualidadadiario.com\/index.php\/wp-json\/wp\/v2\/media\/66026"}],"wp:attachment":[{"href":"https:\/\/www.actualidadadiario.com\/index.php\/wp-json\/wp\/v2\/media?parent=66025"}],"wp:term":[{"taxonomy":"category","embeddable":true,"href":"https:\/\/www.actualidadadiario.com\/index.php\/wp-json\/wp\/v2\/categories?post=66025"},{"taxonomy":"post_tag","embeddable":true,"href":"https:\/\/www.actualidadadiario.com\/index.php\/wp-json\/wp\/v2\/tags?post=66025"}],"curies":[{"name":"wp","href":"https:\/\/api.w.org\/{rel}","templated":true}]}}