{"id":66020,"date":"2020-08-26T12:33:07","date_gmt":"2020-08-26T15:33:07","guid":{"rendered":"https:\/\/www.actualidadadiario.com\/?p=66020"},"modified":"2020-08-26T12:33:07","modified_gmt":"2020-08-26T15:33:07","slug":"un-centenar-de-personas-se-inscribio-para-adoptar-en-entre-rios","status":"publish","type":"post","link":"https:\/\/www.actualidadadiario.com\/index.php\/2020\/08\/26\/un-centenar-de-personas-se-inscribio-para-adoptar-en-entre-rios\/","title":{"rendered":"Un centenar de personas se inscribi\u00f3 para adoptar en Entre R\u00edos"},"content":{"rendered":"<p style=\"text-align: center;\"><em><strong>Un centenar de personas present\u00f3 su solicitud para integrar el Registro \u00danico de Aspirantes con Fines Adoptivos de Entre R\u00edos (Ruaer), durante la inscripci\u00f3n virtual que se realiz\u00f3 en los primeros diez d\u00edas h\u00e1biles de este mes, cuando se concret\u00f3 la segunda convocatoria del a\u00f1o para la recepci\u00f3n de pedidos. La tercera ser\u00e1 en noviembre, tambi\u00e9n en forma virtual<\/strong><\/em><\/p>\n<p>&nbsp;<\/p>\n<p>&nbsp;<\/p>\n<p>Desde el Ruaer, se precis\u00f3 que la cantidad de personas anotadas super\u00f3 ampliamente las expectativas de las autoridades y equipos de trabajo del organismo, que destac\u00f3 la efectividad de la modalidad implementada ya que permiti\u00f3 mayor accesibilidad para quienes sostienen su deseo de ser padres y madres adoptivos\/as en Entre R\u00edos, siendo la inscripci\u00f3n en el Registro la \u00fanica v\u00eda legal para lograrlo.<\/p>\n<p>La aplicaci\u00f3n de la mec\u00e1nica digital para las postulaciones se adopt\u00f3 este a\u00f1o a fin de respetar las recomendaciones y protocolos sanitarios previstos ante la pandemia de COVID -19. Para ello, se dise\u00f1\u00f3 un sistema de solicitud virtual a trav\u00e9s de un formulario on line, y se reemplaz\u00f3 el Encuentro Obligatorio por un video informativo que se puso a disposici\u00f3n de quienes hab\u00edan requerido iniciar este tr\u00e1mite.<\/p>\n","protected":false},"excerpt":{"rendered":"<p>Un centenar de personas present\u00f3 su solicitud para integrar el Registro \u00danico de Aspirantes con Fines Adoptivos de Entre R\u00edos (Ruaer), durante la inscripci\u00f3n virtual que se realiz\u00f3 en los primeros diez d\u00edas h\u00e1biles de este mes, cuando se concret\u00f3 la segunda convocatoria del a\u00f1o para la recepci\u00f3n de pedidos. La tercera ser\u00e1 en noviembre, tambi\u00e9n en forma virtual &nbsp; &nbsp; Desde el Ruaer, se precis\u00f3 que la cantidad de personas anotadas super\u00f3 ampliamente las expectativas de las autoridades y equipos de trabajo del organismo, que destac\u00f3 la efectividad de&#8230;<\/p>\n","protected":false},"author":3,"featured_media":44065,"comment_status":"closed","ping_status":"closed","sticky":false,"template":"","format":"standard","meta":[],"categories":[15],"tags":[],"_links":{"self":[{"href":"https:\/\/www.actualidadadiario.com\/index.php\/wp-json\/wp\/v2\/posts\/66020"}],"collection":[{"href":"https:\/\/www.actualidadadiario.com\/index.php\/wp-json\/wp\/v2\/posts"}],"about":[{"href":"https:\/\/www.actualidadadiario.com\/index.php\/wp-json\/wp\/v2\/types\/post"}],"author":[{"embeddable":true,"href":"https:\/\/www.actualidadadiario.com\/index.php\/wp-json\/wp\/v2\/users\/3"}],"replies":[{"embeddable":true,"href":"https:\/\/www.actualidadadiario.com\/index.php\/wp-json\/wp\/v2\/comments?post=66020"}],"version-history":[{"count":1,"href":"https:\/\/www.actualidadadiario.com\/index.php\/wp-json\/wp\/v2\/posts\/66020\/revisions"}],"predecessor-version":[{"id":66021,"href":"https:\/\/www.actualidadadiario.com\/index.php\/wp-json\/wp\/v2\/posts\/66020\/revisions\/66021"}],"wp:featuredmedia":[{"embeddable":true,"href":"https:\/\/www.actualidadadiario.com\/index.php\/wp-json\/wp\/v2\/media\/44065"}],"wp:attachment":[{"href":"https:\/\/www.actualidadadiario.com\/index.php\/wp-json\/wp\/v2\/media?parent=66020"}],"wp:term":[{"taxonomy":"category","embeddable":true,"href":"https:\/\/www.actualidadadiario.com\/index.php\/wp-json\/wp\/v2\/categories?post=66020"},{"taxonomy":"post_tag","embeddable":true,"href":"https:\/\/www.actualidadadiario.com\/index.php\/wp-json\/wp\/v2\/tags?post=66020"}],"curies":[{"name":"wp","href":"https:\/\/api.w.org\/{rel}","templated":true}]}}