{"id":66014,"date":"2020-08-26T12:30:32","date_gmt":"2020-08-26T15:30:32","guid":{"rendered":"https:\/\/www.actualidadadiario.com\/?p=66014"},"modified":"2020-08-26T12:30:32","modified_gmt":"2020-08-26T15:30:32","slug":"militantes-y-dirigentes-justicialistas-se-manifestaron-en-respaldo-a-alberto-y-cristina-fernandez","status":"publish","type":"post","link":"https:\/\/www.actualidadadiario.com\/index.php\/2020\/08\/26\/militantes-y-dirigentes-justicialistas-se-manifestaron-en-respaldo-a-alberto-y-cristina-fernandez\/","title":{"rendered":"Militantes y dirigentes justicialistas se manifestaron en respaldo a Alberto y Cristina Fern\u00e1ndez"},"content":{"rendered":"<p style=\"text-align: center;\"><em><strong>A trav\u00e9s de un documento denominado \u201cestamos con Alberto y Cristina \u2013 Defendemos la Patria\u201d, un numeroso grupo de militantes y dirigentes del justicialismo, emitieron un documento de respaldo al presidente de la Naci\u00f3n, Alberto Fern\u00e1ndez, y a su vice, Cristina Fern\u00e1ndez de Kirchner<\/strong><\/em><\/p>\n<p>&nbsp;<\/p>\n<p>&nbsp;<\/p>\n<p>Dentro de las firmas, se destacan los nombres del titular del Enohsa, Enrique Cresto; los intendentes de Concepci\u00f3n del Uruguay, Mart\u00edn Oliva; Paran\u00e1, Ad\u00e1n Bahl y de Gualeguaych\u00fa, Mart\u00edn Piaggio; los legisladores nacionales Marcelo Casaretto; Mayda Cresto; Blanca Osuna y Carolina Gaillard, entre otros.<\/p>\n<p><em>\u201cLa victoria electoral que consagr\u00f3 a Alberto Fern\u00e1ndez y a Cristina Kirchner como Presidente y Vicepresidenta abri\u00f3 una ventana de esperanza despu\u00e9s de la tragedia socioecon\u00f3mica como consecuencia de la apertura y reprimarizaci\u00f3n de la econom\u00eda, desindustrializaci\u00f3n, desempleo, pobreza, vaciamiento del Estado, devaluaci\u00f3n, transferencia regresiva del ingreso, tarifazos, negociados, endeudamiento y fuga de capitales del gobierno de (Mauricio) Macri\u201d,<\/em> indica el texto.<\/p>\n<p><em>\u201cCuatro a\u00f1os de saqueo neoliberal han dejado una situaci\u00f3n en extremo gravosa y en vez de echar culpas nuestro Presidente inici\u00f3 su gesti\u00f3n suspendiendo aumentos de tarifas, aumentando haberes jubilatorios, salarios. y de planes sociales que fueron un alivio concreto al bolsillo de millones de argentinos. Se comprometi\u00f3 activamente con pol\u00edticas de g\u00e9nero y contra la violencia sobre las mujeres. Se garantiz\u00f3 medicamentos gratuitos a nuestros abuelos, y se inici\u00f3 el desarme de la fenomenal arquitectura financiera que priorizaba la especulaci\u00f3n sobre la inversi\u00f3n productiva para beneficio de unos pocos. Y hace horas declar\u00f3 servicios p\u00fablicos a la telefon\u00eda, servicio de internet y televisi\u00f3n paga para reducir la brecha digital y cerrar la grieta entre los que tienen conectividad y los que no. Un gran paso para terminar con la desigualdad\u201d,<\/em> agrega.<\/p>\n<p><em>\u201cLa inesperada irrupci\u00f3n de la pandemia agrav\u00f3 la situaci\u00f3n y oblig\u00f3 a nuestro gobierno a poner todos sus esfuerzos en preservar la vida de los argentinos. Consecuentemente, la incipiente recuperaci\u00f3n de la econom\u00eda sufre el retraso que se da en todo el mundo. Pese a las arcas vac\u00edas que dej\u00f3 Cambiemos, el gobierno resuelve atender las prioridades m\u00e1s urgentes. Implement\u00f3 el Ingreso Familiar de Emergencia (IFE) que es recibido por 277.372 entrerrianos y el programa de Apoyo al Trabajo y la Producci\u00f3n (ATP) que ya acompa\u00f1a a 6.258 empresas y beneficia a 44.586 empleados\u201d,<\/em> consigna.<\/p>\n<p><em>\u201cNuestro gobierno adopt\u00f3 decisiones inmediatas para fortalecer el Sistema de Salud con nuevos hospitales, la ampliaci\u00f3n de los ya existentes, el incremento del 50% de camas de internaci\u00f3n, servicios de terapia intensiva, respiradores, equipamiento, capacitaci\u00f3n, e incremento de personal. Si Alberto Fern\u00e1ndez no hubiera tomado estas decisiones la capacidad del sistema sanitario estar\u00eda desbordada y los muertos se contar\u00edan por miles\u201d,<\/em> puntualiza.<\/p>\n<p><em>\u201cLos medios dominantes esconden los resultados de las pol\u00edticas adoptadas para enfrentar la pandemia. Estimulan y hasta festejan con odio la aceleraci\u00f3n en la duplicaci\u00f3n de contagios y fallecimientos en el entendimiento que cargaran sobre las espaldas de nuestro gobierno las tenebrosas cifras de los ca\u00eddos por la covid-19\u201d,<\/em> agrega.<\/p>\n<p><em>\u201cEse mismo poder que falsea y desinforma, asociado a los due\u00f1os del dinero y sectores aristocr\u00e1ticos y antiperonistas de la justicia, as\u00ed como desat\u00f3 una ruin cacer\u00eda medi\u00e1tica y judicial sobre Cristina y muchos compa\u00f1eros, intenta sepultar en el olvido los repulsivos negociados del macrismo y sus amigotes. A los grupos del poder que solo les importa sus riquezas y su impunidad, los que gritan \u201cdefendamos la Rep\u00fablica\u201d a la vez que la secuestran, lo que les falta de verg\u00fcenza les sobra en expertos mercenarios del enga\u00f1o comunicacional y el despreciable espionaje a quien se atraviese. Quienes han sido responsables del escandaloso proceso de endeudamiento, fuga y sus consecuencias de pobreza, hambre y desocupaci\u00f3n deber\u00edan m\u00ednimamente reflexionar sobre la conveniencia de seguir azuzando odios irracionales\u201d,<\/em> sentencia.<\/p>\n<p><em>\u201cCon contundencia reivindicamos el resultado obtenido en esta primera etapa de la renegociaci\u00f3n de la deuda externa al igual que la realizada por N\u00e9stor Kirchner en 2005. El digno acuerdo alcanzado con los acreedores externos permite las certezas necesarias para retomar pol\u00edticas que resguarden el inter\u00e9s nacional y retomen el camino del desarrollo econ\u00f3mico, social y productivo\u201d,<\/em> a\u00f1ade.<\/p>\n<p><em>\u201cPor todo ello, los abajo firmantes, desde nuestra condici\u00f3n de militantes, reafirmamos nuestro compromiso de abonar a la Unidad del campo nacional y popular y\u00a0 expresamos nuestro total apoyo al Gobierno de Alberto y Cristina, sin m\u00e1s condicionamientos que la defensa de los intereses de nuestro Pueblo\u201d,<\/em> concluye.<\/p>\n","protected":false},"excerpt":{"rendered":"<p>A trav\u00e9s de un documento denominado \u201cestamos con Alberto y Cristina \u2013 Defendemos la Patria\u201d, un numeroso grupo de militantes y dirigentes del justicialismo, emitieron un documento de respaldo al presidente de la Naci\u00f3n, Alberto Fern\u00e1ndez, y a su vice, Cristina Fern\u00e1ndez de Kirchner &nbsp; &nbsp; Dentro de las firmas, se destacan los nombres del titular del Enohsa, Enrique Cresto; los intendentes de Concepci\u00f3n del Uruguay, Mart\u00edn Oliva; Paran\u00e1, Ad\u00e1n Bahl y de Gualeguaych\u00fa, Mart\u00edn Piaggio; los legisladores nacionales Marcelo Casaretto; Mayda Cresto; Blanca Osuna y Carolina Gaillard, entre otros&#8230;.<\/p>\n","protected":false},"author":3,"featured_media":66015,"comment_status":"closed","ping_status":"closed","sticky":false,"template":"","format":"standard","meta":[],"categories":[9],"tags":[],"_links":{"self":[{"href":"https:\/\/www.actualidadadiario.com\/index.php\/wp-json\/wp\/v2\/posts\/66014"}],"collection":[{"href":"https:\/\/www.actualidadadiario.com\/index.php\/wp-json\/wp\/v2\/posts"}],"about":[{"href":"https:\/\/www.actualidadadiario.com\/index.php\/wp-json\/wp\/v2\/types\/post"}],"author":[{"embeddable":true,"href":"https:\/\/www.actualidadadiario.com\/index.php\/wp-json\/wp\/v2\/users\/3"}],"replies":[{"embeddable":true,"href":"https:\/\/www.actualidadadiario.com\/index.php\/wp-json\/wp\/v2\/comments?post=66014"}],"version-history":[{"count":1,"href":"https:\/\/www.actualidadadiario.com\/index.php\/wp-json\/wp\/v2\/posts\/66014\/revisions"}],"predecessor-version":[{"id":66016,"href":"https:\/\/www.actualidadadiario.com\/index.php\/wp-json\/wp\/v2\/posts\/66014\/revisions\/66016"}],"wp:featuredmedia":[{"embeddable":true,"href":"https:\/\/www.actualidadadiario.com\/index.php\/wp-json\/wp\/v2\/media\/66015"}],"wp:attachment":[{"href":"https:\/\/www.actualidadadiario.com\/index.php\/wp-json\/wp\/v2\/media?parent=66014"}],"wp:term":[{"taxonomy":"category","embeddable":true,"href":"https:\/\/www.actualidadadiario.com\/index.php\/wp-json\/wp\/v2\/categories?post=66014"},{"taxonomy":"post_tag","embeddable":true,"href":"https:\/\/www.actualidadadiario.com\/index.php\/wp-json\/wp\/v2\/tags?post=66014"}],"curies":[{"name":"wp","href":"https:\/\/api.w.org\/{rel}","templated":true}]}}