{"id":66006,"date":"2020-08-25T12:03:13","date_gmt":"2020-08-25T15:03:13","guid":{"rendered":"https:\/\/www.actualidadadiario.com\/?p=66006"},"modified":"2020-08-25T12:03:13","modified_gmt":"2020-08-25T15:03:13","slug":"la-onu-denuncio-asesinatos-y-torturas-en-las-protestas-tras-elecciones-de-2019-en-bolivia","status":"publish","type":"post","link":"https:\/\/www.actualidadadiario.com\/index.php\/2020\/08\/25\/la-onu-denuncio-asesinatos-y-torturas-en-las-protestas-tras-elecciones-de-2019-en-bolivia\/","title":{"rendered":"La ONU denunci\u00f3 asesinatos y torturas en las protestas tras elecciones de 2019 en Bolivia"},"content":{"rendered":"<p style=\"text-align: center;\"><em><strong>El reporte elaborado por el Alto Comisionado de la ONU para los Derechos Humanos (Acnudh), a cargo de la expresidenta chilena Michelle Bachelet, contiene m\u00e1s de 150 entrevistas con v\u00edctimas, testigos, representantes de la sociedad civil y autoridades<\/strong><\/em><\/p>\n<p>&nbsp;<\/p>\n<p>&nbsp;<\/p>\n<p>La ONU public\u00f3 este lunes un informe que documenta &#8220;asesinatos, torturas, malos tratos y detenciones arbitrarias&#8221; cometidos en Bolivia en medio de la crisis desatada tras las elecciones de octubre pasado, anuladas bajo sospechas de fraude, situaci\u00f3n que deriv\u00f3 en la renuncia del entonces presidente Evo Morales, que denunci\u00f3 que fue v\u00edctima de un golpe de estado.<\/p>\n<p>Al menos 30 personas murieron durante las protestas entre el 20 de octubre y el 25 de noviembre, tras conocerse los datos de las elecciones que dieron como ganador a Morales, y al menos 20 de estas muertes ocurrieron durante operaciones de la polic\u00eda y las fuerzas armadas.<\/p>\n<p>&#8220;Algunos testimonios indicaron que las fuerzas de seguridad recurrieron al uso innecesario o excesivo de la fuerza contra los manifestantes y utilizaron armas para dispersar a la multitud&#8221;, afirm\u00f3 un comunicado de la oficina de Bachelet difundido en Ginebra, sede del organismo.<\/p>\n<p>En cuanto a las muertes, solo &#8220;fue posible documentar 30, mientras que para otras seis muertes de las cuales se recibi\u00f3 una denuncia, no fue posible realizar las oportunas verificaciones&#8221;, inform\u00f3 la agencia de noticias EFE.<\/p>\n<p>&#8220;Por lo menos 20 de los fallecimientos ocurrieron durante operaciones realizadas por la polic\u00eda y por las fuerzas armadas en el contexto de protestas; en otros cuatro casos las personas murieron en enfrentamientos entre manifestantes, mientras que para los seis casos restantes no se pudo determinar el origen seguro del deceso&#8221;.<\/p>\n<p>Entre los hechos m\u00e1s graves figura el asesinato de nueve personas en manifestaciones en Sacaba, Cochabamba, y de 10 en Senkatae, en El Alto, al lado de La Paz, de los que pasaron nueve meses y alrededor de los cuales todav\u00eda reina la impunidad, lament\u00f3 Bachelet.<\/p>\n<p>&#8220;Me preocupa profundamente que, nueve meses despu\u00e9s, a\u00fan no ha habido rendici\u00f3n de cuentas por las muertes en Sacaba y Senkata, ni para la mayor\u00eda de las muertes ocurridas en el per\u00edodo cubierto por nuestro informe&#8221;, se\u00f1al\u00f3.<\/p>\n<p>Otras violaciones documentadas incluyen la detenci\u00f3n arbitraria de 28 personas en El Alto el 11 de noviembre de 2019, sometidas a torturas y otras formas de malos tratos por parte de la polic\u00eda.<\/p>\n<p>Asimismo, el personal del Acnudh pudo observar a funcionarios p\u00fablicos y particulares haciendo uso de un lenguaje violento e incendiario, as\u00ed como violencia verbal y f\u00edsica contra ind\u00edgenas, evidenciando &#8220;un racismo profundamente arraigado&#8221;.<\/p>\n<p>Otro motivo de preocupaci\u00f3n destacado en el informe es la forma en que funcionarios o personas vinculadas al anterior Gobierno fueron objeto de supuesta persecuci\u00f3n judicial.<\/p>\n<p>Ello &#8220;pone de relieve las deficiencias de larga data del sistema judicial boliviano, y de ah\u00ed la necesidad e importancia de garantizar el debido proceso&#8221;, remarc\u00f3 el comunicado.<\/p>\n<p>Tambi\u00e9n hubo 94 casos en los que se agredi\u00f3 a periodistas, y personas que trabajaban en la Defensor\u00eda del Pueblo de Bolivia sufrieron amenazas y ataques.<\/p>\n","protected":false},"excerpt":{"rendered":"<p>El reporte elaborado por el Alto Comisionado de la ONU para los Derechos Humanos (Acnudh), a cargo de la expresidenta chilena Michelle Bachelet, contiene m\u00e1s de 150 entrevistas con v\u00edctimas, testigos, representantes de la sociedad civil y autoridades &nbsp; &nbsp; La ONU public\u00f3 este lunes un informe que documenta &#8220;asesinatos, torturas, malos tratos y detenciones arbitrarias&#8221; cometidos en Bolivia en medio de la crisis desatada tras las elecciones de octubre pasado, anuladas bajo sospechas de fraude, situaci\u00f3n que deriv\u00f3 en la renuncia del entonces presidente Evo Morales, que denunci\u00f3 que&#8230;<\/p>\n","protected":false},"author":3,"featured_media":66007,"comment_status":"closed","ping_status":"closed","sticky":false,"template":"","format":"standard","meta":[],"categories":[4],"tags":[],"_links":{"self":[{"href":"https:\/\/www.actualidadadiario.com\/index.php\/wp-json\/wp\/v2\/posts\/66006"}],"collection":[{"href":"https:\/\/www.actualidadadiario.com\/index.php\/wp-json\/wp\/v2\/posts"}],"about":[{"href":"https:\/\/www.actualidadadiario.com\/index.php\/wp-json\/wp\/v2\/types\/post"}],"author":[{"embeddable":true,"href":"https:\/\/www.actualidadadiario.com\/index.php\/wp-json\/wp\/v2\/users\/3"}],"replies":[{"embeddable":true,"href":"https:\/\/www.actualidadadiario.com\/index.php\/wp-json\/wp\/v2\/comments?post=66006"}],"version-history":[{"count":1,"href":"https:\/\/www.actualidadadiario.com\/index.php\/wp-json\/wp\/v2\/posts\/66006\/revisions"}],"predecessor-version":[{"id":66008,"href":"https:\/\/www.actualidadadiario.com\/index.php\/wp-json\/wp\/v2\/posts\/66006\/revisions\/66008"}],"wp:featuredmedia":[{"embeddable":true,"href":"https:\/\/www.actualidadadiario.com\/index.php\/wp-json\/wp\/v2\/media\/66007"}],"wp:attachment":[{"href":"https:\/\/www.actualidadadiario.com\/index.php\/wp-json\/wp\/v2\/media?parent=66006"}],"wp:term":[{"taxonomy":"category","embeddable":true,"href":"https:\/\/www.actualidadadiario.com\/index.php\/wp-json\/wp\/v2\/categories?post=66006"},{"taxonomy":"post_tag","embeddable":true,"href":"https:\/\/www.actualidadadiario.com\/index.php\/wp-json\/wp\/v2\/tags?post=66006"}],"curies":[{"name":"wp","href":"https:\/\/api.w.org\/{rel}","templated":true}]}}