{"id":66000,"date":"2020-08-25T12:01:17","date_gmt":"2020-08-25T15:01:17","guid":{"rendered":"https:\/\/www.actualidadadiario.com\/?p=66000"},"modified":"2020-08-25T12:01:17","modified_gmt":"2020-08-25T15:01:17","slug":"un-hongkones-es-el-primer-caso-documentado-de-reinfeccion-en-el-mundo","status":"publish","type":"post","link":"https:\/\/www.actualidadadiario.com\/index.php\/2020\/08\/25\/un-hongkones-es-el-primer-caso-documentado-de-reinfeccion-en-el-mundo\/","title":{"rendered":"Un hongkon\u00e9s es el primer caso documentado de reinfecci\u00f3n en el mundo"},"content":{"rendered":"<p style=\"text-align: center;\"><em><strong>El paciente, de 33 a\u00f1os, fue dado de alta tras curarse del virus en abril, y a principios de este mes volvi\u00f3 a dar positivo en las pruebas al regresar de un viaje a Espa\u00f1a. La noticia se conoci\u00f3 un d\u00eda despu\u00e9s de que el mundo superara las barreras de los 23 millones de contagios y las 800.000 muertes<\/strong><\/em><\/p>\n<p>&nbsp;<\/p>\n<p>&nbsp;<\/p>\n<p>La pandemia de coronavirus sum\u00f3 este lunes una nueva preocupaci\u00f3n cuando Hong Kong report\u00f3 el primer caso documentado en todo el mundo de una persona que se infect\u00f3 de coronavirus por segunda vez en cuatro meses, lo que, seg\u00fan fuentes m\u00e9dicas, desaf\u00eda las hip\u00f3tesis acerca de la supuesta inmunidad obtenida tras superar la enfermedad.<\/p>\n<p>Se trata de un hombre de 33 a\u00f1os que hab\u00eda sido dado de alta en abril y volvi\u00f3 a dar positivo a principios de este mes, tras regresar de Espa\u00f1a, inform\u00f3 la televisora estatal RTHK.<\/p>\n<p>Un informe de la Universidad de Hong Kong concluy\u00f3 que las secuencias gen\u00e9ticas de las cepas del virus que contrajo el hombre en abril y ahora son \u201cclaramente distintas\u201d, seg\u00fan la agencia de noticias EFE.<\/p>\n<p>El trabajo record\u00f3 que \u201cmuchos creen que los pacientes recuperados de Covid19 tienen inmunidad contra las reinfecciones debido a que la mayor\u00eda desarroll\u00f3 una respuesta basada en anticuerpos\u201d, pero advirti\u00f3 que \u201chay pruebas de que algunos pacientes tienen niveles decrecientes de anticuerpos pasados unos pocos meses\u201d.<\/p>\n<p>&nbsp;<\/p>\n<p><strong>Panorama mundial<\/strong><\/p>\n<p>Esa noticia se conoci\u00f3 un d\u00eda despu\u00e9s de que el mundo superara las barreras de los 23 millones de contagios y las 800.000 muertes por Covid-19, seg\u00fan la Organizaci\u00f3n Mundial de la Salud (OMS), y en medio del dilema que afrontan cada vez m\u00e1s pa\u00edses sobre si es pertinente volver a cerrar las econom\u00edas ante los rebrotes de la enfermedad.<\/p>\n<p>Los casos confirmados desde el comienzo de la pandemia sumaban 23.513.905, de los cuales 809.999 personas murieron y 15.174.670 ya se curaron tras haberse infectado, seg\u00fan reportaba esta tarde la base de datos en l\u00ednea de la universidad estadounidense Johns Hopkins.<\/p>\n<p>En Estados Unidos, por lejos el pa\u00eds con m\u00e1s contagios y m\u00e1s decesos, el gobierno aprob\u00f3 hoy el uso del desinfectante SurfaceWise2, que supuestamente mata el virus que causa la Covid-19, cuyo efecto dura siete d\u00edas y que se usar\u00e1 en aviones de la empresa American Airlines y posiblemente en escuelas.<\/p>\n<p>Lo hizo un d\u00eda despu\u00e9s de haber permitido las transfusiones de plasma con anticuerpos para tratar a enfermos de coronavirus, en medio de la persistente pol\u00e9mica entre la administraci\u00f3n del presidente Donald Trump y decenas de gobiernos regionales con respecto a la gesti\u00f3n de la pandemia, agravada por la cercan\u00eda de las elecciones presidenciales del 3 de noviembre pr\u00f3ximo.<\/p>\n<p>En Brasil, el segundo pa\u00eds m\u00e1s afectado por la pandemia, ya se hab\u00eda recuperado 76% de los infectados y la cantidad de nuevos contagios y fallecimientos se redujo sucesivamente en los \u00faltimos cuatro d\u00edas hasta ayer, seg\u00fan el \u00faltimo balance oficial, pero todav\u00eda segu\u00eda siendo alta.<\/p>\n<p>En ese contexto, el presidente Jair Bolsonaro -uno de los m\u00e1s ac\u00e9rrimos opositores a la cuarentena- afirm\u00f3 que \u201ces el momento de abrir el comercio con responsabilidad, volver a la normalidad y rescatar los empleos\u201d.<\/p>\n<p>Con m\u00e1s fuerza viene creciendo la cantidad de contagios en los \u00faltimos d\u00edas en India, tercer pa\u00eds con m\u00e1s casos, que hoy sobrepas\u00f3 la barrera de los 3,1 millones y donde los especialistas temen que en pocos d\u00edas pueda superar a Brasil, que hasta anoche contabilizaba 3,6 millones de contagios.<\/p>\n<p>&nbsp;<\/p>\n<p><strong>Consecuencias de la pandemia<\/strong><\/p>\n<p>El temor a la crisis econ\u00f3mica derivada de la pandemia volvi\u00f3 a ponerse de manifiesto hoy a ra\u00edz de un informe de la consultora brit\u00e1nica IHS Markit, seg\u00fan el cual el producto bruto del conjunto de las econom\u00edas m\u00e1s desarrolladas crecer\u00e1 en la pr\u00f3xima d\u00e9cada entre 2% y 5% menos que lo que lo hubiera hecho sin coronavirus.<\/p>\n<p>No obstante, seg\u00fan ese reporte, el impacto de la Covid-19 ser\u00eda m\u00e1s leve que el que caus\u00f3 la crisis financiera de 2008, pues desde entonces y hasta 2019 las econom\u00edas m\u00e1s poderosas crecieron entre 5% y 8% menos que lo que se estimaba antes de que estallara ese problema.<\/p>\n<p>La preocupaci\u00f3n por la econom\u00eda tambi\u00e9n qued\u00f3 reflejada en la disparidad de criterios con que diversos gobiernos regionales de Espa\u00f1a reaccionaron ante el continuo rebrote de contagios: Catalu\u00f1a prohibi\u00f3 las reuniones de m\u00e1s de 10 personas y Murcia, las de m\u00e1s de seis, mientras Madrid no puso esa clase de l\u00edmites.<\/p>\n<p>En Am\u00e9rica latina, al margen de Brasil, los pa\u00edses que a\u00fan no alcanzaron el pico de la curva de contagios son principalmente Colombia, M\u00e9xico y, sobre todo, Paraguay, inicialmente uno de los menos afectados, pero que en los \u00faltimos dos meses registra una gran expansi\u00f3n del virus, con 11.012 casos entre el 1 de julio y ayer contra apenas 2.221 entre marzo y el 30 de junio, seg\u00fan sus propios datos.<\/p>\n","protected":false},"excerpt":{"rendered":"<p>El paciente, de 33 a\u00f1os, fue dado de alta tras curarse del virus en abril, y a principios de este mes volvi\u00f3 a dar positivo en las pruebas al regresar de un viaje a Espa\u00f1a. La noticia se conoci\u00f3 un d\u00eda despu\u00e9s de que el mundo superara las barreras de los 23 millones de contagios y las 800.000 muertes &nbsp; &nbsp; La pandemia de coronavirus sum\u00f3 este lunes una nueva preocupaci\u00f3n cuando Hong Kong report\u00f3 el primer caso documentado en todo el mundo de una persona que se infect\u00f3 de&#8230;<\/p>\n","protected":false},"author":3,"featured_media":66001,"comment_status":"closed","ping_status":"closed","sticky":false,"template":"","format":"standard","meta":[],"categories":[4],"tags":[],"_links":{"self":[{"href":"https:\/\/www.actualidadadiario.com\/index.php\/wp-json\/wp\/v2\/posts\/66000"}],"collection":[{"href":"https:\/\/www.actualidadadiario.com\/index.php\/wp-json\/wp\/v2\/posts"}],"about":[{"href":"https:\/\/www.actualidadadiario.com\/index.php\/wp-json\/wp\/v2\/types\/post"}],"author":[{"embeddable":true,"href":"https:\/\/www.actualidadadiario.com\/index.php\/wp-json\/wp\/v2\/users\/3"}],"replies":[{"embeddable":true,"href":"https:\/\/www.actualidadadiario.com\/index.php\/wp-json\/wp\/v2\/comments?post=66000"}],"version-history":[{"count":1,"href":"https:\/\/www.actualidadadiario.com\/index.php\/wp-json\/wp\/v2\/posts\/66000\/revisions"}],"predecessor-version":[{"id":66002,"href":"https:\/\/www.actualidadadiario.com\/index.php\/wp-json\/wp\/v2\/posts\/66000\/revisions\/66002"}],"wp:featuredmedia":[{"embeddable":true,"href":"https:\/\/www.actualidadadiario.com\/index.php\/wp-json\/wp\/v2\/media\/66001"}],"wp:attachment":[{"href":"https:\/\/www.actualidadadiario.com\/index.php\/wp-json\/wp\/v2\/media?parent=66000"}],"wp:term":[{"taxonomy":"category","embeddable":true,"href":"https:\/\/www.actualidadadiario.com\/index.php\/wp-json\/wp\/v2\/categories?post=66000"},{"taxonomy":"post_tag","embeddable":true,"href":"https:\/\/www.actualidadadiario.com\/index.php\/wp-json\/wp\/v2\/tags?post=66000"}],"curies":[{"name":"wp","href":"https:\/\/api.w.org\/{rel}","templated":true}]}}