{"id":65989,"date":"2020-08-25T11:57:42","date_gmt":"2020-08-25T14:57:42","guid":{"rendered":"https:\/\/www.actualidadadiario.com\/?p=65989"},"modified":"2020-08-25T11:57:42","modified_gmt":"2020-08-25T14:57:42","slug":"cafiero-desestimo-la-opinion-de-macri-desde-el-exterior-y-tildo-a-sanz-de-marginal-de-la-politica","status":"publish","type":"post","link":"https:\/\/www.actualidadadiario.com\/index.php\/2020\/08\/25\/cafiero-desestimo-la-opinion-de-macri-desde-el-exterior-y-tildo-a-sanz-de-marginal-de-la-politica\/","title":{"rendered":"Cafiero desestim\u00f3 la opini\u00f3n de Macri desde el exterior y tild\u00f3 a Sanz de &#8220;marginal de la pol\u00edtica&#8221;"},"content":{"rendered":"<p style=\"text-align: center;\"><em><strong>En declaraciones al canal C5N, el funcionario le pidi\u00f3 a la oposici\u00f3n de Juntos por el Cambio que &#8220;si tiene cr\u00edticas, que haga cr\u00edticas constructivas y no sea mezquina ni piense todo en c\u00f3digo electoral&#8221;, al advertir que no se puede ser &#8220;irresponsable&#8221; porque &#8220;no hay margen para eso&#8221;<\/strong><\/em><\/p>\n<p>&nbsp;<\/p>\n<p>&nbsp;<\/p>\n<p>El jefe de Gabinete, Santiago Cafiero, desestim\u00f3 este lunes las cr\u00edticas del expresidente Mauricio Macri porque, dijo, mientras el Gobierno &#8220;lucha contra la pandemia&#8221; de coronavirus, el exmandatario &#8220;viaja por el mundo&#8221;, y calific\u00f3 al dirigente radical Ernesto Sanz como un &#8220;marginal de la pol\u00edtica&#8221;.<\/p>\n<p>Despu\u00e9s de que Macri publicara una carta en la que neg\u00f3 haber expresado en sus conversaciones con el presidente Alberto Fern\u00e1ndez conceptos referidos a la necesidad de no disponer la cuarentena por el coronavirus, el ministro coordinador plante\u00f3 que mientras el jefe de Estado &#8220;lucha contra la pandemia, fabrica la vacuna para Argentina y Latinoam\u00e9rica y reestructura la deuda&#8221;, el exmandatario &#8220;viaja por el mundo&#8221;.<\/p>\n<p>&#8220;Nosotros estamos ocupados y preocupados por las guardias y la cantidad de insumos m\u00e9dicos que se van necesitando, y queremos que la oposici\u00f3n acompa\u00f1e&#8221;, reflexion\u00f3 Cafiero.<\/p>\n<p>Consultado sobre los cuestionamientos de Sanz, quien el viernes \u00faltimo se pregunt\u00f3 p\u00fablicamente &#8220;cu\u00e1nto tiempo m\u00e1s demora en explotar&#8221; la situaci\u00f3n econ\u00f3mica del pa\u00eds, Cafiero defini\u00f3 al exsenador y fundador de Cambiemos como un &#8220;marginal de la pol\u00edtica&#8221;.<\/p>\n<p>&#8220;Sanz est\u00e1 al margen. No tiene idea de lo que est\u00e1 pasando. No tiene idea lo que es una guardia abarrotada&#8221;, dijo y a\u00f1adi\u00f3: &#8220;Hacen declaraciones ampulosas para quedar bien con una minor\u00eda partidaria&#8221;.<\/p>\n<p>Por \u00faltimo, Cafiero sostuvo que, m\u00e1s all\u00e1 del debate, al Gobierno &#8220;no&#8221; se lo va a poder criticar por &#8220;no haber desarrollado pol\u00edticas p\u00fablicas espec\u00edficas y masivas&#8221;.<\/p>\n","protected":false},"excerpt":{"rendered":"<p>En declaraciones al canal C5N, el funcionario le pidi\u00f3 a la oposici\u00f3n de Juntos por el Cambio que &#8220;si tiene cr\u00edticas, que haga cr\u00edticas constructivas y no sea mezquina ni piense todo en c\u00f3digo electoral&#8221;, al advertir que no se puede ser &#8220;irresponsable&#8221; porque &#8220;no hay margen para eso&#8221; &nbsp; &nbsp; El jefe de Gabinete, Santiago Cafiero, desestim\u00f3 este lunes las cr\u00edticas del expresidente Mauricio Macri porque, dijo, mientras el Gobierno &#8220;lucha contra la pandemia&#8221; de coronavirus, el exmandatario &#8220;viaja por el mundo&#8221;, y calific\u00f3 al dirigente radical Ernesto Sanz&#8230;<\/p>\n","protected":false},"author":3,"featured_media":60158,"comment_status":"closed","ping_status":"closed","sticky":false,"template":"","format":"standard","meta":[],"categories":[18],"tags":[],"_links":{"self":[{"href":"https:\/\/www.actualidadadiario.com\/index.php\/wp-json\/wp\/v2\/posts\/65989"}],"collection":[{"href":"https:\/\/www.actualidadadiario.com\/index.php\/wp-json\/wp\/v2\/posts"}],"about":[{"href":"https:\/\/www.actualidadadiario.com\/index.php\/wp-json\/wp\/v2\/types\/post"}],"author":[{"embeddable":true,"href":"https:\/\/www.actualidadadiario.com\/index.php\/wp-json\/wp\/v2\/users\/3"}],"replies":[{"embeddable":true,"href":"https:\/\/www.actualidadadiario.com\/index.php\/wp-json\/wp\/v2\/comments?post=65989"}],"version-history":[{"count":1,"href":"https:\/\/www.actualidadadiario.com\/index.php\/wp-json\/wp\/v2\/posts\/65989\/revisions"}],"predecessor-version":[{"id":65990,"href":"https:\/\/www.actualidadadiario.com\/index.php\/wp-json\/wp\/v2\/posts\/65989\/revisions\/65990"}],"wp:featuredmedia":[{"embeddable":true,"href":"https:\/\/www.actualidadadiario.com\/index.php\/wp-json\/wp\/v2\/media\/60158"}],"wp:attachment":[{"href":"https:\/\/www.actualidadadiario.com\/index.php\/wp-json\/wp\/v2\/media?parent=65989"}],"wp:term":[{"taxonomy":"category","embeddable":true,"href":"https:\/\/www.actualidadadiario.com\/index.php\/wp-json\/wp\/v2\/categories?post=65989"},{"taxonomy":"post_tag","embeddable":true,"href":"https:\/\/www.actualidadadiario.com\/index.php\/wp-json\/wp\/v2\/tags?post=65989"}],"curies":[{"name":"wp","href":"https:\/\/api.w.org\/{rel}","templated":true}]}}