{"id":65949,"date":"2020-08-25T11:43:33","date_gmt":"2020-08-25T14:43:33","guid":{"rendered":"https:\/\/www.actualidadadiario.com\/?p=65949"},"modified":"2020-08-25T11:43:33","modified_gmt":"2020-08-25T14:43:33","slug":"la-ministra-de-gobierno-aislada-por-posible-contagio-de-un-familiar","status":"publish","type":"post","link":"https:\/\/www.actualidadadiario.com\/index.php\/2020\/08\/25\/la-ministra-de-gobierno-aislada-por-posible-contagio-de-un-familiar\/","title":{"rendered":"La ministra de gobierno, aislada por posible contagio de un familiar"},"content":{"rendered":"<p style=\"text-align: center;\"><em><strong>La ministra de Gobierno y Justicia, Rosario Romero, estuvo ausente de la reuni\u00f3n de Gabinete que encabez\u00f3 el gobernador Gustavo Bordet este lunes, lo que llam\u00f3 la atenci\u00f3n. El motivo no respondi\u00f3 a una cuesti\u00f3n pol\u00edtica sino sanitaria: La funcionaria se encuentra en vigilancia epidemiol\u00f3gica en su domicilio por recomendaci\u00f3n de la autoridad m\u00e9dica<\/strong><\/em><\/p>\n<p>&nbsp;<\/p>\n<p>&nbsp;<\/p>\n<p>&nbsp;<\/p>\n<p>La informaci\u00f3n fue confirmada esta madrugada por Romero: &#8220;Me recomendaron que permanezca en casa a la espera de un resultado y de un hisopado que se practicar\u00e1 este martes a un familiar cercano&#8221;.<\/p>\n<p>La funcionaria asegur\u00f3 que se trata de una cuesti\u00f3n preventiva y que se encuentra en bien.<\/p>\n","protected":false},"excerpt":{"rendered":"<p>La ministra de Gobierno y Justicia, Rosario Romero, estuvo ausente de la reuni\u00f3n de Gabinete que encabez\u00f3 el gobernador Gustavo Bordet este lunes, lo que llam\u00f3 la atenci\u00f3n. El motivo no respondi\u00f3 a una cuesti\u00f3n pol\u00edtica sino sanitaria: La funcionaria se encuentra en vigilancia epidemiol\u00f3gica en su domicilio por recomendaci\u00f3n de la autoridad m\u00e9dica &nbsp; &nbsp; &nbsp; La informaci\u00f3n fue confirmada esta madrugada por Romero: &#8220;Me recomendaron que permanezca en casa a la espera de un resultado y de un hisopado que se practicar\u00e1 este martes a un familiar cercano&#8221;&#8230;.<\/p>\n","protected":false},"author":3,"featured_media":65950,"comment_status":"closed","ping_status":"closed","sticky":false,"template":"","format":"standard","meta":[],"categories":[15],"tags":[],"_links":{"self":[{"href":"https:\/\/www.actualidadadiario.com\/index.php\/wp-json\/wp\/v2\/posts\/65949"}],"collection":[{"href":"https:\/\/www.actualidadadiario.com\/index.php\/wp-json\/wp\/v2\/posts"}],"about":[{"href":"https:\/\/www.actualidadadiario.com\/index.php\/wp-json\/wp\/v2\/types\/post"}],"author":[{"embeddable":true,"href":"https:\/\/www.actualidadadiario.com\/index.php\/wp-json\/wp\/v2\/users\/3"}],"replies":[{"embeddable":true,"href":"https:\/\/www.actualidadadiario.com\/index.php\/wp-json\/wp\/v2\/comments?post=65949"}],"version-history":[{"count":1,"href":"https:\/\/www.actualidadadiario.com\/index.php\/wp-json\/wp\/v2\/posts\/65949\/revisions"}],"predecessor-version":[{"id":65951,"href":"https:\/\/www.actualidadadiario.com\/index.php\/wp-json\/wp\/v2\/posts\/65949\/revisions\/65951"}],"wp:featuredmedia":[{"embeddable":true,"href":"https:\/\/www.actualidadadiario.com\/index.php\/wp-json\/wp\/v2\/media\/65950"}],"wp:attachment":[{"href":"https:\/\/www.actualidadadiario.com\/index.php\/wp-json\/wp\/v2\/media?parent=65949"}],"wp:term":[{"taxonomy":"category","embeddable":true,"href":"https:\/\/www.actualidadadiario.com\/index.php\/wp-json\/wp\/v2\/categories?post=65949"},{"taxonomy":"post_tag","embeddable":true,"href":"https:\/\/www.actualidadadiario.com\/index.php\/wp-json\/wp\/v2\/tags?post=65949"}],"curies":[{"name":"wp","href":"https:\/\/api.w.org\/{rel}","templated":true}]}}