{"id":65930,"date":"2020-08-24T13:12:30","date_gmt":"2020-08-24T16:12:30","guid":{"rendered":"https:\/\/www.actualidadadiario.com\/?p=65930"},"modified":"2020-08-24T13:12:30","modified_gmt":"2020-08-24T16:12:30","slug":"coronavirus-en-alemania-testeos-en-berlin-estan-cerca-de-agotarse","status":"publish","type":"post","link":"https:\/\/www.actualidadadiario.com\/index.php\/2020\/08\/24\/coronavirus-en-alemania-testeos-en-berlin-estan-cerca-de-agotarse\/","title":{"rendered":"Coronavirus en Alemania: testeos en Berl\u00edn est\u00e1n cerca de agotarse"},"content":{"rendered":"<p style=\"text-align: center;\"><em><strong>Ahora est\u00e1n &#8220;en el 93% de capacidad de pruebas&#8221; luego de testear a quienes volv\u00edan de las vacaciones de verano. Este lunes hubo 711 nuevos contagios<\/strong><\/em><\/p>\n<p>&nbsp;<\/p>\n<p>&nbsp;<\/p>\n<p>La capacidad de pruebas para detectar coronavirus est\u00e1 pr\u00e1cticamente agotada en Berl\u00edn, alertaron este lunes las autoridades de la capital alemana, que atribuyeron la situaci\u00f3n al incremento de test realizados a las personas que vuelven de sus vacaciones de verano.<\/p>\n<p>&#8220;Estamos ahora en el 93% (de capacidad)&#8221;, alert\u00f3 la titular de la cartera de Salud de la ciudad, Dilek Kalayci, en declaraciones que recoge la agencia de noticias Europa Press.<\/p>\n<p>La pol\u00edtica socialdem\u00f3crata se\u00f1al\u00f3 que la situaci\u00f3n difiere entre los estados federados en los que se divide Alemania y adelant\u00f3 que el tema se tratar\u00e1 en la pr\u00f3xima reuni\u00f3n de ministros regionales de salud.<\/p>\n<p>Kalayci es partidaria de realizar pruebas a los viajeros que regresan al pa\u00eds en los aeropuertos y estaciones de tren.<\/p>\n<p>Las cifras de contagios en Berl\u00edn y en todo el pa\u00eds en las \u00faltimas semanas confirman que una parte considerable de las infecciones se debe a los viajeros que regresan a Alemania.<\/p>\n<p>Las autoridades sanitarias germanas informaron este lunes sobre 711 nuevos casos de coronavirus, un recuento menor al de d\u00edas previos pero que no ser\u00eda representativo ya que no todas las oficinas transmiten datos a la agencia central durante el fin de semana.<\/p>\n<p>El Instituto Robert Koch, la instituci\u00f3n responsable del control de enfermedades infecciosas, elev\u00f3 a 233.575 el balance provisional de positivos, mientras que la cifra de fallecidos aument\u00f3 a 9.272, tres m\u00e1s que en la jornada previa.<\/p>\n","protected":false},"excerpt":{"rendered":"<p>Ahora est\u00e1n &#8220;en el 93% de capacidad de pruebas&#8221; luego de testear a quienes volv\u00edan de las vacaciones de verano. Este lunes hubo 711 nuevos contagios &nbsp; &nbsp; La capacidad de pruebas para detectar coronavirus est\u00e1 pr\u00e1cticamente agotada en Berl\u00edn, alertaron este lunes las autoridades de la capital alemana, que atribuyeron la situaci\u00f3n al incremento de test realizados a las personas que vuelven de sus vacaciones de verano. &#8220;Estamos ahora en el 93% (de capacidad)&#8221;, alert\u00f3 la titular de la cartera de Salud de la ciudad, Dilek Kalayci, en declaraciones&#8230;<\/p>\n","protected":false},"author":3,"featured_media":65931,"comment_status":"closed","ping_status":"closed","sticky":false,"template":"","format":"standard","meta":[],"categories":[4],"tags":[],"_links":{"self":[{"href":"https:\/\/www.actualidadadiario.com\/index.php\/wp-json\/wp\/v2\/posts\/65930"}],"collection":[{"href":"https:\/\/www.actualidadadiario.com\/index.php\/wp-json\/wp\/v2\/posts"}],"about":[{"href":"https:\/\/www.actualidadadiario.com\/index.php\/wp-json\/wp\/v2\/types\/post"}],"author":[{"embeddable":true,"href":"https:\/\/www.actualidadadiario.com\/index.php\/wp-json\/wp\/v2\/users\/3"}],"replies":[{"embeddable":true,"href":"https:\/\/www.actualidadadiario.com\/index.php\/wp-json\/wp\/v2\/comments?post=65930"}],"version-history":[{"count":1,"href":"https:\/\/www.actualidadadiario.com\/index.php\/wp-json\/wp\/v2\/posts\/65930\/revisions"}],"predecessor-version":[{"id":65932,"href":"https:\/\/www.actualidadadiario.com\/index.php\/wp-json\/wp\/v2\/posts\/65930\/revisions\/65932"}],"wp:featuredmedia":[{"embeddable":true,"href":"https:\/\/www.actualidadadiario.com\/index.php\/wp-json\/wp\/v2\/media\/65931"}],"wp:attachment":[{"href":"https:\/\/www.actualidadadiario.com\/index.php\/wp-json\/wp\/v2\/media?parent=65930"}],"wp:term":[{"taxonomy":"category","embeddable":true,"href":"https:\/\/www.actualidadadiario.com\/index.php\/wp-json\/wp\/v2\/categories?post=65930"},{"taxonomy":"post_tag","embeddable":true,"href":"https:\/\/www.actualidadadiario.com\/index.php\/wp-json\/wp\/v2\/tags?post=65930"}],"curies":[{"name":"wp","href":"https:\/\/api.w.org\/{rel}","templated":true}]}}