{"id":65928,"date":"2020-08-24T13:11:42","date_gmt":"2020-08-24T16:11:42","guid":{"rendered":"https:\/\/www.actualidadadiario.com\/?p=65928"},"modified":"2020-08-24T13:11:42","modified_gmt":"2020-08-24T16:11:42","slug":"rebrotes-de-coronavirus-cataluna-limita-las-reuniones-publicas-y-privadas","status":"publish","type":"post","link":"https:\/\/www.actualidadadiario.com\/index.php\/2020\/08\/24\/rebrotes-de-coronavirus-cataluna-limita-las-reuniones-publicas-y-privadas\/","title":{"rendered":"Rebrotes de coronavirus: Catalu\u00f1a limita las reuniones p\u00fablicas y privadas"},"content":{"rendered":"<p style=\"text-align: center;\"><em><strong>Frente a un nuevo rebrote de casos de coronavirus en la regi\u00f3n, particularmente en las zonas m\u00e1s tur\u00edsticas, el gobierno de Catalu\u00f1a prohibi\u00f3 en todo su territorio las reuniones de m\u00e1s de diez personas debido a que el 70 por ciento de los contagios se debieron a reuniones sociales, familiares y con amigos<\/strong><\/em><\/p>\n<p>&nbsp;<\/p>\n<p>&nbsp;<\/p>\n<p>La nueva restricci\u00f3n fue anunciada a d\u00edas de que se iniciara el retorno a las clases en distintos niveles educativos de esa regi\u00f3n espa\u00f1ola y en medio de lo que las autoridades denominan como el inicio de \u201cuna segunda ola\u201d de covid-19. \u201cNos jugamos parte del oto\u00f1o en estas tres semanas, tenemos que doblegar esta curva\u201d, defini\u00f3 el presidente de la Generalitat, Quim Torra.<\/p>\n<p>Los informes epidemiol\u00f3gicos indican que en las \u00faltimas tres semanas los casos aumentaron al punto tal que el \u00edndice de velocidad de contagios (R) lleg\u00f3 a 1,12, lo cual significa que el virus est\u00e1 en plena expansi\u00f3n. Esto se debe, seg\u00fan los estudios oficiales, al relajamiento de las medidas del aislamiento social y, particularmente, a los encuentros sociales y familiares.<\/p>\n<p>La Consejer\u00eda de Salud de la Generalitat precis\u00f3 que hasta hoy Catalu\u00f1a registr\u00f3 122.335 casos acumulados desde el inicio de la pandemia. En las \u00faltimas 24 horas se registraron 1.788 contagios. La cifra de fallecidos totales asciende a 12.954: 7.127 en hospitales y centros sanitarios, 4.130 en residencias geri\u00e1tricas, 820 en domicilios y 877 que no son clasificables por falta de informaci\u00f3n.<\/p>\n<p>Por estos datos y el temor de la situaci\u00f3n empeore, las reuniones de m\u00e1s de diez personas fueron prohibidas y, adem\u00e1s, se decidi\u00f3 extender el cierre de lugares nocturnos y las limitaciones horarias de la restauraci\u00f3n de actividades de recreaci\u00f3n, como fumar y consumir alcohol en espacios p\u00fablicos.<\/p>\n<p>Adem\u00e1s, Torras anticip\u00f3 que habr\u00e1 medidas restrictivas m\u00e1s duras particularmente en las ciudades de Terrassa, Granollers, Les Franqueses y Canovelles.<\/p>\n<p>El anuncio fue hecho en conferencia de prensa por el presidente de la Generalitat, quien no obstante confirm\u00f3 que ma\u00f1ana habr\u00e1 una reuni\u00f3n extraordinaria del Govern para discutir y aprobar el plan de regreso a las escuelas el 14 de septiembre.<\/p>\n<p>\u201cHago un llamamiento a reducir la interacci\u00f3n social y cumplir las medidas que les hemos ido trasladando. Hemos de ser capaces de bajar la curva. No estamos solo ante un problema social, estamos ante un problema de emergencia educativa. Nuestra escuela, nuestros ni\u00f1os son nuestro futuro y necesitamos que vuelvan a las escuelas y a los institutos\u201d, dijo Torras.<\/p>\n","protected":false},"excerpt":{"rendered":"<p>Frente a un nuevo rebrote de casos de coronavirus en la regi\u00f3n, particularmente en las zonas m\u00e1s tur\u00edsticas, el gobierno de Catalu\u00f1a prohibi\u00f3 en todo su territorio las reuniones de m\u00e1s de diez personas debido a que el 70 por ciento de los contagios se debieron a reuniones sociales, familiares y con amigos &nbsp; &nbsp; La nueva restricci\u00f3n fue anunciada a d\u00edas de que se iniciara el retorno a las clases en distintos niveles educativos de esa regi\u00f3n espa\u00f1ola y en medio de lo que las autoridades denominan como el&#8230;<\/p>\n","protected":false},"author":3,"featured_media":60412,"comment_status":"closed","ping_status":"closed","sticky":false,"template":"","format":"standard","meta":[],"categories":[4],"tags":[],"_links":{"self":[{"href":"https:\/\/www.actualidadadiario.com\/index.php\/wp-json\/wp\/v2\/posts\/65928"}],"collection":[{"href":"https:\/\/www.actualidadadiario.com\/index.php\/wp-json\/wp\/v2\/posts"}],"about":[{"href":"https:\/\/www.actualidadadiario.com\/index.php\/wp-json\/wp\/v2\/types\/post"}],"author":[{"embeddable":true,"href":"https:\/\/www.actualidadadiario.com\/index.php\/wp-json\/wp\/v2\/users\/3"}],"replies":[{"embeddable":true,"href":"https:\/\/www.actualidadadiario.com\/index.php\/wp-json\/wp\/v2\/comments?post=65928"}],"version-history":[{"count":1,"href":"https:\/\/www.actualidadadiario.com\/index.php\/wp-json\/wp\/v2\/posts\/65928\/revisions"}],"predecessor-version":[{"id":65929,"href":"https:\/\/www.actualidadadiario.com\/index.php\/wp-json\/wp\/v2\/posts\/65928\/revisions\/65929"}],"wp:featuredmedia":[{"embeddable":true,"href":"https:\/\/www.actualidadadiario.com\/index.php\/wp-json\/wp\/v2\/media\/60412"}],"wp:attachment":[{"href":"https:\/\/www.actualidadadiario.com\/index.php\/wp-json\/wp\/v2\/media?parent=65928"}],"wp:term":[{"taxonomy":"category","embeddable":true,"href":"https:\/\/www.actualidadadiario.com\/index.php\/wp-json\/wp\/v2\/categories?post=65928"},{"taxonomy":"post_tag","embeddable":true,"href":"https:\/\/www.actualidadadiario.com\/index.php\/wp-json\/wp\/v2\/tags?post=65928"}],"curies":[{"name":"wp","href":"https:\/\/api.w.org\/{rel}","templated":true}]}}