{"id":65925,"date":"2020-08-24T13:10:45","date_gmt":"2020-08-24T16:10:45","guid":{"rendered":"https:\/\/www.actualidadadiario.com\/?p=65925"},"modified":"2020-08-24T13:10:45","modified_gmt":"2020-08-24T16:10:45","slug":"la-otra-pandemia-que-preocupa-a-bill-gates","status":"publish","type":"post","link":"https:\/\/www.actualidadadiario.com\/index.php\/2020\/08\/24\/la-otra-pandemia-que-preocupa-a-bill-gates\/","title":{"rendered":"La otra pandemia que preocupa a Bill Gates"},"content":{"rendered":"<p style=\"text-align: center;\"><em><strong>El fundador de Microsoft llam\u00f3 a no descuidar la salud y a prestarle tambi\u00e9n atenci\u00f3n a la transmisi\u00f3n de la malaria<\/strong><\/em><\/p>\n<p>&nbsp;<\/p>\n<p>&nbsp;<\/p>\n<p>Bill Gates se convirti\u00f3 en una de las voces m\u00e1s escuchadas en el \u00faltimo tiempo. Al principio de la pandemia, su nombre reson\u00f3 con fuerza tras conocerse que en 2015 hab\u00eda vaticinado una situaci\u00f3n similar a la actual pandemia. Ahora volvi\u00f3 a estar en el centro de la opini\u00f3n p\u00fablica al alertar sobre otra posible epidemia mundial.<\/p>\n<p>A trav\u00e9s de una publicaci\u00f3n en su blog \u2018Gatesnotes\u2019, el magnate llam\u00f3 no descuidar la salud y prestarle tambi\u00e9n atenci\u00f3n a la transmisi\u00f3n de la malaria pues \u201clos mosquitos no se tomaron su descanso durante la pandemia\u201d.<\/p>\n<p>\u201cLos mosquitos pican todas las noches e infectan a millones de personas con malaria, una enfermedad que mata a un ni\u00f1o cada dos minutos\u201d, afirm\u00f3 Gates.<\/p>\n<p>El multimillonario estadounidense consider\u00f3 que, a medida que el COVID-19 se propaga por todo el mundo, \u201ces importante recordar que el animal m\u00e1s mort\u00edfero del mundo no se tom\u00f3 un descanso\u201d, apunt\u00f3 en referencia los mosquitos. Y explic\u00f3 que la mayor\u00eda de las muertes por malaria ocurren en los pa\u00edses m\u00e1s pobres que tienen los sistemas de salud m\u00e1s d\u00e9biles, y que, adem\u00e1s, deben enfrentar la carga adicional de detener el coronavirus.<\/p>\n<p>&#8220;En muchos de estos pa\u00edses, es probable que los casos de COVID-19 alcancen su punto m\u00e1ximo en el peor momento posible: el apogeo de sus temporadas de transmisi\u00f3n de malaria&#8221;, alert\u00f3.<\/p>\n<p>Gates se basa en evidencia cient\u00edfica: ya sucedi\u00f3 en el 2014 cuando hubo un brote de \u00e9bola en \u00c1frica occidental, el sistema de salud local estaba tan colapsado con los enfermos del virus, que las enfermedades end\u00e9micas como el SIDA, la tuberculosis y la malaria no pudieron ser tratadas con efectividad. Lo que provoc\u00f3 que se sumaran muchas muertes con causas ajenas al \u00e9bola.<\/p>\n<p>\u201cNo hay elecci\u00f3n entre salvar vidas con COVID-19 o salvar vidas de malaria\u201d, asever\u00f3 Gates. Y agreg\u00f3: \u201cLos funcionarios de salud deben afrontar urgentemente el desaf\u00edo de controlar la pandemia y, al mismo tiempo, asegurarse de que la malaria, as\u00ed como otras enfermedades no sean desatendidas\u201d.<\/p>\n<p>&nbsp;<\/p>\n<p><strong>\u00bfQu\u00e9 es la malaria?<\/strong><\/p>\n<p>Seg\u00fan la Organizaci\u00f3n Mundial de la Salud (OMS), la malaria es una enfermedad causada por par\u00e1sitos que se transmite al ser humano por la picadura de moscos anopheles infectados. Tambi\u00e9n se conoce como paludismo y afecta principalmente a los ni\u00f1os menores de cinco a\u00f1os.<\/p>\n<p>En el 2018 se presentaron 228 millones de casos de malaria alrededor del mundo, de los cuales 405 mil resultaron ser decesos. Sin embargo, a pesar de que puede ser una enfermedad mortal, si se trata con rapidez es posible curarse.<\/p>\n","protected":false},"excerpt":{"rendered":"<p>El fundador de Microsoft llam\u00f3 a no descuidar la salud y a prestarle tambi\u00e9n atenci\u00f3n a la transmisi\u00f3n de la malaria &nbsp; &nbsp; Bill Gates se convirti\u00f3 en una de las voces m\u00e1s escuchadas en el \u00faltimo tiempo. Al principio de la pandemia, su nombre reson\u00f3 con fuerza tras conocerse que en 2015 hab\u00eda vaticinado una situaci\u00f3n similar a la actual pandemia. Ahora volvi\u00f3 a estar en el centro de la opini\u00f3n p\u00fablica al alertar sobre otra posible epidemia mundial. A trav\u00e9s de una publicaci\u00f3n en su blog \u2018Gatesnotes\u2019, el&#8230;<\/p>\n","protected":false},"author":3,"featured_media":65926,"comment_status":"closed","ping_status":"closed","sticky":false,"template":"","format":"standard","meta":[],"categories":[4],"tags":[],"_links":{"self":[{"href":"https:\/\/www.actualidadadiario.com\/index.php\/wp-json\/wp\/v2\/posts\/65925"}],"collection":[{"href":"https:\/\/www.actualidadadiario.com\/index.php\/wp-json\/wp\/v2\/posts"}],"about":[{"href":"https:\/\/www.actualidadadiario.com\/index.php\/wp-json\/wp\/v2\/types\/post"}],"author":[{"embeddable":true,"href":"https:\/\/www.actualidadadiario.com\/index.php\/wp-json\/wp\/v2\/users\/3"}],"replies":[{"embeddable":true,"href":"https:\/\/www.actualidadadiario.com\/index.php\/wp-json\/wp\/v2\/comments?post=65925"}],"version-history":[{"count":1,"href":"https:\/\/www.actualidadadiario.com\/index.php\/wp-json\/wp\/v2\/posts\/65925\/revisions"}],"predecessor-version":[{"id":65927,"href":"https:\/\/www.actualidadadiario.com\/index.php\/wp-json\/wp\/v2\/posts\/65925\/revisions\/65927"}],"wp:featuredmedia":[{"embeddable":true,"href":"https:\/\/www.actualidadadiario.com\/index.php\/wp-json\/wp\/v2\/media\/65926"}],"wp:attachment":[{"href":"https:\/\/www.actualidadadiario.com\/index.php\/wp-json\/wp\/v2\/media?parent=65925"}],"wp:term":[{"taxonomy":"category","embeddable":true,"href":"https:\/\/www.actualidadadiario.com\/index.php\/wp-json\/wp\/v2\/categories?post=65925"},{"taxonomy":"post_tag","embeddable":true,"href":"https:\/\/www.actualidadadiario.com\/index.php\/wp-json\/wp\/v2\/tags?post=65925"}],"curies":[{"name":"wp","href":"https:\/\/api.w.org\/{rel}","templated":true}]}}