{"id":65920,"date":"2020-08-24T13:08:57","date_gmt":"2020-08-24T16:08:57","guid":{"rendered":"https:\/\/www.actualidadadiario.com\/?p=65920"},"modified":"2020-08-24T13:08:57","modified_gmt":"2020-08-24T16:08:57","slug":"se-reune-la-comision-bicameral-para-analizar-el-dnu-sobre-telecomunicaciones","status":"publish","type":"post","link":"https:\/\/www.actualidadadiario.com\/index.php\/2020\/08\/24\/se-reune-la-comision-bicameral-para-analizar-el-dnu-sobre-telecomunicaciones\/","title":{"rendered":"Se re\u00fane la comisi\u00f3n bicameral para analizar el DNU sobre telecomunicaciones"},"content":{"rendered":"<p style=\"text-align: center;\"><em><strong>La comisi\u00f3n bicameral parlamentaria debatir\u00e1 hoy el DNU dictado ayer por el Gobierno nacional que declara como esencial a los servicios de telefon\u00eda celular y fija, internet y televisi\u00f3n paga, y congela los aumentos de precios hasta fin de a\u00f1o<\/strong><\/em><\/p>\n<p>&nbsp;<\/p>\n<p>&nbsp;<\/p>\n<p>La comisi\u00f3n bicameral parlamentaria que controla los decretos de necesidad y urgencia se reunir\u00e1 hoy para analizar el Gobierno nacional que declara como esencial a los servicios de telefon\u00eda celular y fija, Internet y televisi\u00f3n paga, y congela los aumentos de tarifas hasta fin de a\u00f1o.<\/p>\n<p>La reuni\u00f3n convocada para las 13 se analizar\u00e1 el DNU sobre esos servicios y otros tres: el de extensi\u00f3n de la moratoria para las pymes, el del plan Procrear de viviendas y el de creaci\u00f3n de una agencia para promover la investigaci\u00f3n del desarrollo tecnol\u00f3gico.<\/p>\n<p>El titular de la comisi\u00f3n, Marcos Cleri (Frente de Todos), confirm\u00f3 a T\u00e9lam que en la reuni\u00f3n se buscar\u00e1 emitir dictamen sobre el decreto anunciado el viernes por el presidente Alberto Fern\u00e1ndez y publicado el s\u00e1bado en el Bolet\u00edn Oficial.<\/p>\n<p>En ese sentido, Cleri expres\u00f3 su anhelo de que &#8220;se d\u00e9 el debate adecuado&#8221; ya que la oposici\u00f3n rechaza la decisi\u00f3n del Gobierno y dijo que espera que en la reuni\u00f3n de ma\u00f1ana se logre &#8220;el dictamen&#8221; sobre ese DNU<\/p>\n<p>De todos modos, la convocatoria de la comisi\u00f3n no est\u00e1 exenta de pol\u00e9micas ya que Juntos por el Cambio decidi\u00f3 impugnar la realizaci\u00f3n del plenario bicameral y no participar, seg\u00fan adelant\u00f3 a T\u00e9lam el diputado radical por Mendoza Luis Petri.<\/p>\n<p>Los legisladores de JxC decidieron enviar una nota a Cleri donde afirman que la reuni\u00f3n no fue convocada con el plazo de 48 horas h\u00e1biles y que la modalidad virtual de funcionamiento se encuentra suspendida ya que no se ha renovado el protocolo en la C\u00e1mara de Diputados que venci\u00f3 el pasado 7 de agosto.<\/p>\n<p>El Decreto 690 declara &#8220;servicios p\u00fablicos esenciales y estrat\u00e9gicos en competencia&#8221; a la telefon\u00eda celular y fija, Internet y la televisi\u00f3n paga, al tiempo que ordena suspender &#8220;cualquier aumento de precios o modificaci\u00f3n de los mismos&#8221; hasta el 31 de diciembre, una decisi\u00f3n que fue justificada por la emergencia causada por la pandemia de coronavirus.<\/p>\n<p>Uno de los puntos centrales del decreto es la decisi\u00f3n de incorporar a la Ley de Telecomunicaciones un art\u00edculo por el cual se establece que los &#8220;Servicios de las Tecnolog\u00edas de la Informaci\u00f3n y las Comunicaciones (TIC) y el acceso a las redes de telecomunicaciones para y entre licenciatarios y licenciatarias de servicios TIC son servicios p\u00fablicos esenciales y estrat\u00e9gicos en competencia&#8221;.<\/p>\n<p>Adem\u00e1s, la norma prev\u00e9 que &#8220;la autoridad de aplicaci\u00f3n garantizar\u00e1 su efectiva disponibilidad&#8221;.<\/p>\n","protected":false},"excerpt":{"rendered":"<p>La comisi\u00f3n bicameral parlamentaria debatir\u00e1 hoy el DNU dictado ayer por el Gobierno nacional que declara como esencial a los servicios de telefon\u00eda celular y fija, internet y televisi\u00f3n paga, y congela los aumentos de precios hasta fin de a\u00f1o &nbsp; &nbsp; La comisi\u00f3n bicameral parlamentaria que controla los decretos de necesidad y urgencia se reunir\u00e1 hoy para analizar el Gobierno nacional que declara como esencial a los servicios de telefon\u00eda celular y fija, Internet y televisi\u00f3n paga, y congela los aumentos de tarifas hasta fin de a\u00f1o. La reuni\u00f3n&#8230;<\/p>\n","protected":false},"author":3,"featured_media":56503,"comment_status":"closed","ping_status":"closed","sticky":false,"template":"","format":"standard","meta":[],"categories":[18],"tags":[],"_links":{"self":[{"href":"https:\/\/www.actualidadadiario.com\/index.php\/wp-json\/wp\/v2\/posts\/65920"}],"collection":[{"href":"https:\/\/www.actualidadadiario.com\/index.php\/wp-json\/wp\/v2\/posts"}],"about":[{"href":"https:\/\/www.actualidadadiario.com\/index.php\/wp-json\/wp\/v2\/types\/post"}],"author":[{"embeddable":true,"href":"https:\/\/www.actualidadadiario.com\/index.php\/wp-json\/wp\/v2\/users\/3"}],"replies":[{"embeddable":true,"href":"https:\/\/www.actualidadadiario.com\/index.php\/wp-json\/wp\/v2\/comments?post=65920"}],"version-history":[{"count":1,"href":"https:\/\/www.actualidadadiario.com\/index.php\/wp-json\/wp\/v2\/posts\/65920\/revisions"}],"predecessor-version":[{"id":65921,"href":"https:\/\/www.actualidadadiario.com\/index.php\/wp-json\/wp\/v2\/posts\/65920\/revisions\/65921"}],"wp:featuredmedia":[{"embeddable":true,"href":"https:\/\/www.actualidadadiario.com\/index.php\/wp-json\/wp\/v2\/media\/56503"}],"wp:attachment":[{"href":"https:\/\/www.actualidadadiario.com\/index.php\/wp-json\/wp\/v2\/media?parent=65920"}],"wp:term":[{"taxonomy":"category","embeddable":true,"href":"https:\/\/www.actualidadadiario.com\/index.php\/wp-json\/wp\/v2\/categories?post=65920"},{"taxonomy":"post_tag","embeddable":true,"href":"https:\/\/www.actualidadadiario.com\/index.php\/wp-json\/wp\/v2\/tags?post=65920"}],"curies":[{"name":"wp","href":"https:\/\/api.w.org\/{rel}","templated":true}]}}