{"id":65917,"date":"2020-08-24T13:08:07","date_gmt":"2020-08-24T16:08:07","guid":{"rendered":"https:\/\/www.actualidadadiario.com\/?p=65917"},"modified":"2020-08-24T13:08:07","modified_gmt":"2020-08-24T16:08:07","slug":"con-la-mira-en-las-exportaciones-se-reune-el-gabinete-de-comercio-exterior","status":"publish","type":"post","link":"https:\/\/www.actualidadadiario.com\/index.php\/2020\/08\/24\/con-la-mira-en-las-exportaciones-se-reune-el-gabinete-de-comercio-exterior\/","title":{"rendered":"Con la mira en las exportaciones, se re\u00fane el gabinete de comercio exterior"},"content":{"rendered":"<p style=\"text-align: center;\"><em><strong>En el primer encuentro, Sol\u00e1 explic\u00f3 que se repasaron &#8220;todas las opciones de aumentos de exportaciones&#8221; y cada Ministerio enfocar\u00e1 las pol\u00edticas en esa direcci\u00f3n<\/strong><\/em><\/p>\n<p>&nbsp;<\/p>\n<p>&nbsp;<\/p>\n<p>El gabinete de comercio exterior del Gobierno nacional se reunir\u00e1 hoy, en Casa Rosada, para avanzar con la idea de enfocar las pol\u00edticas de los ministerios que lo integran en aumentar las exportaciones.<\/p>\n<p>La reuni\u00f3n est\u00e1 agendada para las 16 en el Sal\u00f3n de los Cient\u00edficos de la Casa Rosada y ser\u00e1 encabezada por el jefe de Gabinete, Santiago Cafiero.<\/p>\n<p>Tambi\u00e9n participar\u00e1n la vicejefa de Gabinete, Cecilia Todesca; y los titulares de los ministerios de Relaciones Exteriores, Felipe Sol\u00e1; de Econom\u00eda, Mart\u00edn Guzm\u00e1n; de Agricultura, Luis Basterra; de Desarrollo Productivo, Mat\u00edas Kulfas; de Ciencia, Roberto Salvarezza; y de Ambiente, Juan Cabandi\u00e9, y el presidente del Banco Central, Miguel Pesce.<\/p>\n<p>El Gabinete de Comercio Exterior realiz\u00f3 su primera reuni\u00f3n la semana pasada, en el marco de la creaci\u00f3n de cuatro gabinetes tem\u00e1ticos con funcionamiento similar al econ\u00f3mico, armado en el inicio de la gesti\u00f3n.<\/p>\n<p>En el primer encuentro, Sol\u00e1 explic\u00f3 que se repasaron &#8220;todas las opciones de aumentos de exportaciones&#8221; y cada Ministerio enfocar\u00e1 las pol\u00edticas en esa direcci\u00f3n.<\/p>\n<p>El canciller, en ese plano, insisti\u00f3 en la necesidad de &#8220;aumentar las exportaciones para que la Argentina no vuelva a tener el cl\u00e1sico problema de angustia en la balanza de pagos&#8221;.<\/p>\n","protected":false},"excerpt":{"rendered":"<p>En el primer encuentro, Sol\u00e1 explic\u00f3 que se repasaron &#8220;todas las opciones de aumentos de exportaciones&#8221; y cada Ministerio enfocar\u00e1 las pol\u00edticas en esa direcci\u00f3n &nbsp; &nbsp; El gabinete de comercio exterior del Gobierno nacional se reunir\u00e1 hoy, en Casa Rosada, para avanzar con la idea de enfocar las pol\u00edticas de los ministerios que lo integran en aumentar las exportaciones. La reuni\u00f3n est\u00e1 agendada para las 16 en el Sal\u00f3n de los Cient\u00edficos de la Casa Rosada y ser\u00e1 encabezada por el jefe de Gabinete, Santiago Cafiero. Tambi\u00e9n participar\u00e1n la&#8230;<\/p>\n","protected":false},"author":3,"featured_media":65918,"comment_status":"closed","ping_status":"closed","sticky":false,"template":"","format":"standard","meta":[],"categories":[18],"tags":[],"_links":{"self":[{"href":"https:\/\/www.actualidadadiario.com\/index.php\/wp-json\/wp\/v2\/posts\/65917"}],"collection":[{"href":"https:\/\/www.actualidadadiario.com\/index.php\/wp-json\/wp\/v2\/posts"}],"about":[{"href":"https:\/\/www.actualidadadiario.com\/index.php\/wp-json\/wp\/v2\/types\/post"}],"author":[{"embeddable":true,"href":"https:\/\/www.actualidadadiario.com\/index.php\/wp-json\/wp\/v2\/users\/3"}],"replies":[{"embeddable":true,"href":"https:\/\/www.actualidadadiario.com\/index.php\/wp-json\/wp\/v2\/comments?post=65917"}],"version-history":[{"count":1,"href":"https:\/\/www.actualidadadiario.com\/index.php\/wp-json\/wp\/v2\/posts\/65917\/revisions"}],"predecessor-version":[{"id":65919,"href":"https:\/\/www.actualidadadiario.com\/index.php\/wp-json\/wp\/v2\/posts\/65917\/revisions\/65919"}],"wp:featuredmedia":[{"embeddable":true,"href":"https:\/\/www.actualidadadiario.com\/index.php\/wp-json\/wp\/v2\/media\/65918"}],"wp:attachment":[{"href":"https:\/\/www.actualidadadiario.com\/index.php\/wp-json\/wp\/v2\/media?parent=65917"}],"wp:term":[{"taxonomy":"category","embeddable":true,"href":"https:\/\/www.actualidadadiario.com\/index.php\/wp-json\/wp\/v2\/categories?post=65917"},{"taxonomy":"post_tag","embeddable":true,"href":"https:\/\/www.actualidadadiario.com\/index.php\/wp-json\/wp\/v2\/tags?post=65917"}],"curies":[{"name":"wp","href":"https:\/\/api.w.org\/{rel}","templated":true}]}}