{"id":65915,"date":"2020-08-24T13:07:19","date_gmt":"2020-08-24T16:07:19","guid":{"rendered":"https:\/\/www.actualidadadiario.com\/?p=65915"},"modified":"2020-08-24T13:07:19","modified_gmt":"2020-08-24T16:07:19","slug":"cafiero-le-respondio-a-garavano-usaron-los-tribunales-como-arma-politica","status":"publish","type":"post","link":"https:\/\/www.actualidadadiario.com\/index.php\/2020\/08\/24\/cafiero-le-respondio-a-garavano-usaron-los-tribunales-como-arma-politica\/","title":{"rendered":"Cafiero le respondi\u00f3 a Garavano: &#8220;Usaron los tribunales como arma pol\u00edtica&#8221;"},"content":{"rendered":"<p style=\"text-align: center;\"><em><strong>El jefe de Gabinete cuestion\u00f3 al exministro de Justicia de Mauricio Macri, luego de que opinara que el proyecto que impulsa el oficialismo &#8220;atrasa muchos a\u00f1os&#8221; y genera &#8220;sospechas de impunidad&#8221;<\/strong><\/em><\/p>\n<p>&nbsp;<\/p>\n<p>&nbsp;<\/p>\n<p>El jefe de Gabinete Santiago Cafiero respondi\u00f3 a las declaraciones de Germ\u00e1n Garavano, exministro de Justicia, quien consider\u00f3 que algunos aspectos de la reforma judicial &#8220;atrasan muchos a\u00f1os&#8221;.<\/p>\n<p>\u201cLo que atrasa es tener una mesa judicial que use los tribunales como arma pol\u00edtica, como ocurri\u00f3 los \u00faltimos a\u00f1os\u201d, cuestion\u00f3 el funcionario en Twitter, en referencia a una presunta injerencia de un grupo de dirigentes del macrismo en expedientes que compromet\u00edan a ese sector pol\u00edtico.<\/p>\n<p>Cafiero cit\u00f3 la entrevista de Garavano donde opina sobre el proyecto de ley que logr\u00f3 dictamen de mayor\u00eda en el Senado, y agreg\u00f3: \u201cNos impulsa consolidar una justicia independiente que le diga nunca m\u00e1s a los mecanismos de presi\u00f3n\u201d.<\/p>\n<p>El ex ministro de Justicia durante el gobierno de Mauricio Macri, dijo en di\u00e1logo con El G\u00edglico por radio Rivadavia que la reforma judicial &#8220;lo sorprendi\u00f3&#8221; porque pensaba que el proyecto &#8220;fortalecer\u00eda la iniciada en su gesti\u00f3n con eje en el sistema acusatorio&#8221; y opin\u00f3 que la cl\u00e1usula que impuls\u00f3 el senador Oscar Parrilli \u201ces mala y parece m\u00e1s una advertencia para los periodistas que para los jueces&#8221;.<\/p>\n<p>Para Garavano, quien asegur\u00f3 tener &#8220;un buen concepto de la ministra de Justicia (Marcela Losardo), de Gustavo B\u00e9liz, de Vilma Ibarra y parte del equipo del presidente&#8221;, la reforma \u201ciba a ir por otro lado&#8221;.<\/p>\n<p>&#8220;Ahora esta nueva reforma que le hicieron en el dictamen del Senado, donde le agregan c\u00e1maras, es una construcci\u00f3n que atrasa muchos a\u00f1os y que tiene sospechas en t\u00e9rminos de impunidad y no de un sistema de justicia m\u00e1s cercano a la gente, que le solucione los problemas a la gente, que ayude a enfrentar el narcotr\u00e1fico, la trata de personas y dem\u00e1s&#8221;, consider\u00f3 el exfuncionario.<\/p>\n<p>Garavano, seg\u00fan sostuvo en declaraciones radiales, pens\u00f3 que el proyecto \u201ciba a fortalecer lo que hab\u00edamos empezado con much\u00edsimo esfuerzo y resistencia que era el sistema acusatorio donde los fiscales investigan y los jueces son jueces de garant\u00edas, que empez\u00f3 a funcionar muy bien en Salta y Jujuy y pens\u00e9 que se iba a poner la energ\u00eda en seguir eso\u201d, y lament\u00f3 que la reforma \u201csali\u00f3 para otro lado&#8221;.<\/p>\n","protected":false},"excerpt":{"rendered":"<p>El jefe de Gabinete cuestion\u00f3 al exministro de Justicia de Mauricio Macri, luego de que opinara que el proyecto que impulsa el oficialismo &#8220;atrasa muchos a\u00f1os&#8221; y genera &#8220;sospechas de impunidad&#8221; &nbsp; &nbsp; El jefe de Gabinete Santiago Cafiero respondi\u00f3 a las declaraciones de Germ\u00e1n Garavano, exministro de Justicia, quien consider\u00f3 que algunos aspectos de la reforma judicial &#8220;atrasan muchos a\u00f1os&#8221;. \u201cLo que atrasa es tener una mesa judicial que use los tribunales como arma pol\u00edtica, como ocurri\u00f3 los \u00faltimos a\u00f1os\u201d, cuestion\u00f3 el funcionario en Twitter, en referencia a una&#8230;<\/p>\n","protected":false},"author":3,"featured_media":63842,"comment_status":"closed","ping_status":"closed","sticky":false,"template":"","format":"standard","meta":[],"categories":[18],"tags":[],"_links":{"self":[{"href":"https:\/\/www.actualidadadiario.com\/index.php\/wp-json\/wp\/v2\/posts\/65915"}],"collection":[{"href":"https:\/\/www.actualidadadiario.com\/index.php\/wp-json\/wp\/v2\/posts"}],"about":[{"href":"https:\/\/www.actualidadadiario.com\/index.php\/wp-json\/wp\/v2\/types\/post"}],"author":[{"embeddable":true,"href":"https:\/\/www.actualidadadiario.com\/index.php\/wp-json\/wp\/v2\/users\/3"}],"replies":[{"embeddable":true,"href":"https:\/\/www.actualidadadiario.com\/index.php\/wp-json\/wp\/v2\/comments?post=65915"}],"version-history":[{"count":1,"href":"https:\/\/www.actualidadadiario.com\/index.php\/wp-json\/wp\/v2\/posts\/65915\/revisions"}],"predecessor-version":[{"id":65916,"href":"https:\/\/www.actualidadadiario.com\/index.php\/wp-json\/wp\/v2\/posts\/65915\/revisions\/65916"}],"wp:featuredmedia":[{"embeddable":true,"href":"https:\/\/www.actualidadadiario.com\/index.php\/wp-json\/wp\/v2\/media\/63842"}],"wp:attachment":[{"href":"https:\/\/www.actualidadadiario.com\/index.php\/wp-json\/wp\/v2\/media?parent=65915"}],"wp:term":[{"taxonomy":"category","embeddable":true,"href":"https:\/\/www.actualidadadiario.com\/index.php\/wp-json\/wp\/v2\/categories?post=65915"},{"taxonomy":"post_tag","embeddable":true,"href":"https:\/\/www.actualidadadiario.com\/index.php\/wp-json\/wp\/v2\/tags?post=65915"}],"curies":[{"name":"wp","href":"https:\/\/api.w.org\/{rel}","templated":true}]}}