{"id":65872,"date":"2020-08-24T12:50:59","date_gmt":"2020-08-24T15:50:59","guid":{"rendered":"https:\/\/www.actualidadadiario.com\/?p=65872"},"modified":"2020-08-24T12:50:59","modified_gmt":"2020-08-24T15:50:59","slug":"ater-y-la-uner-impulsaran-acciones-de-cultura-tributaria","status":"publish","type":"post","link":"https:\/\/www.actualidadadiario.com\/index.php\/2020\/08\/24\/ater-y-la-uner-impulsaran-acciones-de-cultura-tributaria\/","title":{"rendered":"ATER y la UNER impulsar\u00e1n acciones de cultura tributaria"},"content":{"rendered":"<p style=\"text-align: center;\"><em><strong>A trav\u00e9s de la firma de un convenio marco de colaboraci\u00f3n y cooperaci\u00f3n mutua, ambas instituciones establecieron lineamientos de trabajo con las distintas facultades sobre ciudadan\u00eda y fiscalidad<\/strong><\/em><\/p>\n<p>&nbsp;<\/p>\n<p>&nbsp;<\/p>\n<p>En el marco de las pol\u00edticas de Cultura Tributaria que lleva adelante la Administradora (ATER), se firm\u00f3 un nuevo convenio marco de cooperaci\u00f3n conjunta entre ambas instituciones con el rector de la Universidad Nacional de Entre R\u00edos (UNER), Andr\u00e9s Sabella.<\/p>\n<p>Tras el encuentro el administrador fiscal, Germ\u00e1n Gran\u00e9, subray\u00f3 que desde el gobierno provincial &#8220;queremos reforzar la importancia del trabajo cooperativo y la sinergia junto a la universidad &#8221; En ese sentido se\u00f1al\u00f3 que este convenio apunta fundamentalmente a &#8221; forjar alianzas con distintas facultades para llevar a cabo capacitaciones en materia de asuntos fiscales y tributarios, como as\u00ed tambi\u00e9n en la colaboraci\u00f3n con programas de extensi\u00f3n y de cultura tributaria &#8221;<\/p>\n<p>Entre ambas instituciones existe una \u00e1mplia trayectoria de trabajo conjunto llevadas adelante principalmente desde la Facultad de Ciencias Econ\u00f3micas, a trav\u00e9s de iniciativas como el Observatorio Tributario, y decenas de instancias formativas y de capacitaci\u00f3n en materia fiscal para alumnos y agentes de ATER.<\/p>\n<p>Con este nuevo acuerdo se pretende fortalecer las l\u00edneas de cooperaci\u00f3n con foco en tem\u00e1ticas de cultura tributaria, ciudadan\u00eda activa y responsable, y fiscalidad con las distintas facultades, carreras, y programas de extensi\u00f3n.<\/p>\n","protected":false},"excerpt":{"rendered":"<p>A trav\u00e9s de la firma de un convenio marco de colaboraci\u00f3n y cooperaci\u00f3n mutua, ambas instituciones establecieron lineamientos de trabajo con las distintas facultades sobre ciudadan\u00eda y fiscalidad &nbsp; &nbsp; En el marco de las pol\u00edticas de Cultura Tributaria que lleva adelante la Administradora (ATER), se firm\u00f3 un nuevo convenio marco de cooperaci\u00f3n conjunta entre ambas instituciones con el rector de la Universidad Nacional de Entre R\u00edos (UNER), Andr\u00e9s Sabella. Tras el encuentro el administrador fiscal, Germ\u00e1n Gran\u00e9, subray\u00f3 que desde el gobierno provincial &#8220;queremos reforzar la importancia del trabajo&#8230;<\/p>\n","protected":false},"author":3,"featured_media":65873,"comment_status":"closed","ping_status":"closed","sticky":false,"template":"","format":"standard","meta":[],"categories":[15],"tags":[],"_links":{"self":[{"href":"https:\/\/www.actualidadadiario.com\/index.php\/wp-json\/wp\/v2\/posts\/65872"}],"collection":[{"href":"https:\/\/www.actualidadadiario.com\/index.php\/wp-json\/wp\/v2\/posts"}],"about":[{"href":"https:\/\/www.actualidadadiario.com\/index.php\/wp-json\/wp\/v2\/types\/post"}],"author":[{"embeddable":true,"href":"https:\/\/www.actualidadadiario.com\/index.php\/wp-json\/wp\/v2\/users\/3"}],"replies":[{"embeddable":true,"href":"https:\/\/www.actualidadadiario.com\/index.php\/wp-json\/wp\/v2\/comments?post=65872"}],"version-history":[{"count":1,"href":"https:\/\/www.actualidadadiario.com\/index.php\/wp-json\/wp\/v2\/posts\/65872\/revisions"}],"predecessor-version":[{"id":65874,"href":"https:\/\/www.actualidadadiario.com\/index.php\/wp-json\/wp\/v2\/posts\/65872\/revisions\/65874"}],"wp:featuredmedia":[{"embeddable":true,"href":"https:\/\/www.actualidadadiario.com\/index.php\/wp-json\/wp\/v2\/media\/65873"}],"wp:attachment":[{"href":"https:\/\/www.actualidadadiario.com\/index.php\/wp-json\/wp\/v2\/media?parent=65872"}],"wp:term":[{"taxonomy":"category","embeddable":true,"href":"https:\/\/www.actualidadadiario.com\/index.php\/wp-json\/wp\/v2\/categories?post=65872"},{"taxonomy":"post_tag","embeddable":true,"href":"https:\/\/www.actualidadadiario.com\/index.php\/wp-json\/wp\/v2\/tags?post=65872"}],"curies":[{"name":"wp","href":"https:\/\/api.w.org\/{rel}","templated":true}]}}