{"id":65866,"date":"2020-08-24T12:49:08","date_gmt":"2020-08-24T15:49:08","guid":{"rendered":"https:\/\/www.actualidadadiario.com\/?p=65866"},"modified":"2020-08-24T12:49:08","modified_gmt":"2020-08-24T15:49:08","slug":"sumar-amplia-su-cobertura-hospitalaria-en-el-marco-de-la-pandemia-por-covid-19","status":"publish","type":"post","link":"https:\/\/www.actualidadadiario.com\/index.php\/2020\/08\/24\/sumar-amplia-su-cobertura-hospitalaria-en-el-marco-de-la-pandemia-por-covid-19\/","title":{"rendered":"Sumar ampl\u00eda su cobertura hospitalaria en el marco de la pandemia por Covid-19"},"content":{"rendered":"<p style=\"text-align: center;\"><em><strong>Los hospitales p\u00fablicos disponen de cuatro m\u00f3dulos dentro del nomenclador de Sumar, por los cuales se cubren las internaciones por Coronavirus de la poblaci\u00f3n sin cobertura social nominalizada en la provincia. Esta herramienta complementa la l\u00ednea de cuidado por Covid-19 en atenci\u00f3n primaria<\/strong><\/em><\/p>\n<p>&nbsp;<\/p>\n<p>&nbsp;<\/p>\n<p>Desde esta semana los hospitales p\u00fablicos bajo convenio con el Programa Sumar pueden acceder al fortalecimiento de la atenci\u00f3n hospitalaria a trav\u00e9s de cuatro m\u00f3dulos para la cobertura de los casos en los que se desarrolla la forma severa de la infecci\u00f3n por Coronavirus y tambi\u00e9n la internaci\u00f3n en sala com\u00fan de casos sospechosos o con diagn\u00f3stico confirmado. El financiamiento de estos servicios de salud de alta complejidad contin\u00faan y complementan las acciones promovidas desde el Programa en el marco de la Pandemia, tales como la planificaci\u00f3n estrat\u00e9gica para asistir, monitorear y contener a la poblaci\u00f3n m\u00e1s vulnerable; la incorporaci\u00f3n de una l\u00ednea de cuidado con el circuito de prevenci\u00f3n y atenci\u00f3n (en sospecha y diagn\u00f3stico) de Coronavirus; y la valorizaci\u00f3n de las prestaciones.<\/p>\n<p>En el marco actual, de Pandemia por Coronavirus, resulta crucial para los equipos de salud en terreno tener informaci\u00f3n actualizada de su poblaci\u00f3n a cargo. En este sentido, el Programa Sumar cumple un rol destacado, ya que su principal acci\u00f3n es el conocimiento de la comunidad y el territorio a trav\u00e9s de la nominalizaci\u00f3n (identificaci\u00f3n) de la poblaci\u00f3n seg\u00fan el \u00e1rea de responsabilidad sanitaria; su geolocalizaci\u00f3n y el registro de las prestaciones que les son brindadas, junto a los atributos que determinan la calidad de las mismas.<\/p>\n<p>Todos los datos obtenidos son asentados en el sistema de informaci\u00f3n Salud Digital Entre R\u00edos (SaDER), que se ha conformado colaborativamente como una plataforma que actualmente integra y contiene el trabajo de la red p\u00fablica de salud. Este instrumento permite la vinculaci\u00f3n entre los diferentes actores de la red de servicios, y el desglose y an\u00e1lisis de datos sobre la situaci\u00f3n sanitaria.<\/p>\n<p>El programa Sumar posibilita adem\u00e1s que los efectores de salud obtengan recursos adicionales por estas pr\u00e1cticas brindadas con calidad. Esto le ofrece a cada instituci\u00f3n bajo convenio la posibilidad de valerse de fondos para diversas inversiones que permitan garantizar y mejorar el acceso a la salud de sus comunidades. Cabe mencionar que atendiendo al estado de emergencia, en 2020 se revalorizaron todas las prestaciones incluidas en el Plan de Servicios de Salud del Programa, es decir, el valor de todas las prestaciones del nomenclador aument\u00f3 un 100 por ciento, impactando desde el mes de marzo en adelante.<\/p>\n<p>Asimismo, en adici\u00f3n a las acciones citadas, este a\u00f1o se conform\u00f3 una l\u00ednea de cuidado espec\u00edfica para atenci\u00f3n primaria en materia de Coronavirus y, ya en agosto, se incorpora la cobertura de las internaciones hospitalarias por esta enfermedad.<\/p>\n<p>&nbsp;<\/p>\n<p><strong>Nueva l\u00ednea de cuidado en atenci\u00f3n primaria y cobertura de internaci\u00f3n hospitalaria<\/strong><\/p>\n<p>Como forma de garantizar el acceso a la atenci\u00f3n integral de la poblaci\u00f3n con cobertura p\u00fablica exclusiva, desde el Programa Sumar se incorpor\u00f3 una l\u00ednea de cuidado en lo que refiere a Coronavirus con el circuito de prevenci\u00f3n y atenci\u00f3n, tanto en sospecha como con diagn\u00f3stico positivo de Covid-19.<\/p>\n<p>El trayecto propuesto contempla la atenci\u00f3n domiciliaria, el seguimiento, la teleconsulta con la poblaci\u00f3n y entre equipos, la atenci\u00f3n en primer nivel de atenci\u00f3n, los test, laboratorios, notificaciones obligatorias, traslados, dispensa de medicamentos y las inmunizaciones (antigripal y antineumoc\u00f3cica) de casos sospechosos, contactos estrechos y casos confirmados de Covid-19. Los equipos de salud comenzaron a registrar estas prestaciones a partir de junio, con la posibilidad de una carga retroactiva al mes de marzo.<\/p>\n<p>Para completar esta estrategia de cuidado, el Programa contempl\u00f3 el fortalecimiento de la atenci\u00f3n hospitalaria a trav\u00e9s de cuatro m\u00f3dulos para los casos en los que se desarrolla la forma severa de la infecci\u00f3n por Coronavirus y tambi\u00e9n la internaci\u00f3n en sala com\u00fan de casos sospechosos o con diagn\u00f3stico confirmado de los individuos comprendidos dentro de la poblaci\u00f3n objetivo de Sumar (esto es, la poblaci\u00f3n menor de 65 a\u00f1os y sin cobertura expl\u00edcita de salud), que debe encontrarse nominalizada en el SaDER.<\/p>\n<p>Los m\u00f3dulos son: Atenci\u00f3n en Unidad de Cuidados Intensivos (UCI) sin ARM (Asistencia Respiratoria Mec\u00e1nica) de paciente con Covid-19; Atenci\u00f3n en UCI con ARM de paciente con Covid-19; Atenci\u00f3n y aislamiento en sala com\u00fan; y Terapia de Reemplazo Renal de paciente con Covid-19.El Programa cubrir\u00e1 hasta un m\u00e1ximo de 14 d\u00edas de internaci\u00f3n por persona en casos con diagn\u00f3stico positivo para Covid-19, independientemente del m\u00f3dulo requerido.<\/p>\n<p>El valor de los m\u00f3dulos incluye: Aislamiento; evaluaci\u00f3n diagn\u00f3stica; interconsultas a especialistas de ser requerido (terapista, neumonolog\u00eda, infectolog\u00eda, cardiolog\u00eda); estudios de laboratorio (hemograma completo, qu\u00edmica sangu\u00ednea, coagulaci\u00f3n, funci\u00f3n hep\u00e1tica y renal, electrolitos en sangre, prote\u00edna C reactiva, procalcitonina, LDH, CPK, CPK MB, test de detecci\u00f3n de Covid-19); im\u00e1genes (RX de t\u00f3rax, tomograf\u00eda axial computada de pulm\u00f3n); fisiokinesioterapia si correspondiera; y ARM si correspondiera.<\/p>\n<p>El registro de estas prestaciones y su sometimiento a est\u00e1ndares de calidad y auditor\u00eda permitir\u00e1n una cobertura de entre 10.000 y 23.000 pesos por persona, por d\u00eda de internaci\u00f3n. Para acceder a estos recursos cada efector debe reunir una serie de requisitos, entre los cuales se destaca el compromiso de gesti\u00f3n firmado y vigente entre el establecimiento y la Unidad de Gesti\u00f3n Provincial, la nominalizaci\u00f3n de las personas, la actualizaci\u00f3n del Sistema de Monitoreo de Recursos de Internaci\u00f3n PMUC, y la notificaci\u00f3n de inicio de tratamiento dentro de las 24 horas de la internaci\u00f3n en el Sistema Nacional de Vigilancia en Salud.<\/p>\n<p>En las \u00faltimas semanas, la Unidad de Gesti\u00f3n Provincial del Programa, a trav\u00e9s de su equipo interdisciplinario desarroll\u00f3 una estrategia de acompa\u00f1amiento a los hospitales p\u00fablicos para la implementaci\u00f3n de los m\u00f3dulos de internaci\u00f3n. La acci\u00f3n incluy\u00f3 la programaci\u00f3n de circuitos espec\u00edficos en SaDER para facilitar la carga y el reporte de datos obligatorios, el dise\u00f1o de materiales de comunicaci\u00f3n, y la realizaci\u00f3n de una serie de encuentros virtuales con los equipos de las instituciones hospitalarias para capacitarse seg\u00fan nivel de complejidad. Estas instancias fueron acompa\u00f1adas por la Direcci\u00f3n del Segundo y Tercer Nivel de Atenci\u00f3n del Ministerio de Salud.<\/p>\n<p>Cabe se\u00f1alar, que estos Servicios de Salud de Alta Complejidad son financiados por el Ministerio de Salud de la Naci\u00f3n con recursos del Fondo Nacional de Equidad en Salud.<\/p>\n","protected":false},"excerpt":{"rendered":"<p>Los hospitales p\u00fablicos disponen de cuatro m\u00f3dulos dentro del nomenclador de Sumar, por los cuales se cubren las internaciones por Coronavirus de la poblaci\u00f3n sin cobertura social nominalizada en la provincia. Esta herramienta complementa la l\u00ednea de cuidado por Covid-19 en atenci\u00f3n primaria &nbsp; &nbsp; Desde esta semana los hospitales p\u00fablicos bajo convenio con el Programa Sumar pueden acceder al fortalecimiento de la atenci\u00f3n hospitalaria a trav\u00e9s de cuatro m\u00f3dulos para la cobertura de los casos en los que se desarrolla la forma severa de la infecci\u00f3n por Coronavirus y&#8230;<\/p>\n","protected":false},"author":3,"featured_media":65867,"comment_status":"closed","ping_status":"closed","sticky":false,"template":"","format":"standard","meta":[],"categories":[9],"tags":[],"_links":{"self":[{"href":"https:\/\/www.actualidadadiario.com\/index.php\/wp-json\/wp\/v2\/posts\/65866"}],"collection":[{"href":"https:\/\/www.actualidadadiario.com\/index.php\/wp-json\/wp\/v2\/posts"}],"about":[{"href":"https:\/\/www.actualidadadiario.com\/index.php\/wp-json\/wp\/v2\/types\/post"}],"author":[{"embeddable":true,"href":"https:\/\/www.actualidadadiario.com\/index.php\/wp-json\/wp\/v2\/users\/3"}],"replies":[{"embeddable":true,"href":"https:\/\/www.actualidadadiario.com\/index.php\/wp-json\/wp\/v2\/comments?post=65866"}],"version-history":[{"count":1,"href":"https:\/\/www.actualidadadiario.com\/index.php\/wp-json\/wp\/v2\/posts\/65866\/revisions"}],"predecessor-version":[{"id":65868,"href":"https:\/\/www.actualidadadiario.com\/index.php\/wp-json\/wp\/v2\/posts\/65866\/revisions\/65868"}],"wp:featuredmedia":[{"embeddable":true,"href":"https:\/\/www.actualidadadiario.com\/index.php\/wp-json\/wp\/v2\/media\/65867"}],"wp:attachment":[{"href":"https:\/\/www.actualidadadiario.com\/index.php\/wp-json\/wp\/v2\/media?parent=65866"}],"wp:term":[{"taxonomy":"category","embeddable":true,"href":"https:\/\/www.actualidadadiario.com\/index.php\/wp-json\/wp\/v2\/categories?post=65866"},{"taxonomy":"post_tag","embeddable":true,"href":"https:\/\/www.actualidadadiario.com\/index.php\/wp-json\/wp\/v2\/tags?post=65866"}],"curies":[{"name":"wp","href":"https:\/\/api.w.org\/{rel}","templated":true}]}}