{"id":65857,"date":"2020-08-21T12:30:48","date_gmt":"2020-08-21T15:30:48","guid":{"rendered":"https:\/\/www.actualidadadiario.com\/?p=65857"},"modified":"2020-08-21T12:30:48","modified_gmt":"2020-08-21T15:30:48","slug":"el-coronavirus-mantiene-presencia-en-america-y-asia-y-en-europa-la-segunda-ola-ya-es-un-hecho","status":"publish","type":"post","link":"https:\/\/www.actualidadadiario.com\/index.php\/2020\/08\/21\/el-coronavirus-mantiene-presencia-en-america-y-asia-y-en-europa-la-segunda-ola-ya-es-un-hecho\/","title":{"rendered":"El coronavirus mantiene presencia en Am\u00e9rica y Asia, y en Europa la &#8220;segunda ola&#8221; ya es un hecho"},"content":{"rendered":"<p style=\"text-align: center;\"><em><strong>Tras superar los 22,48 millones de contagios y las 789.000 muertes, el coronavirus sigue creciendo en Am\u00e9rica y avanza en Asia, mientras que en medio de su &#8220;segunda ola&#8221; en Europa los gobiernos se resisten a volver a tomar medidas restrictivas y muchos pa\u00edses insisten en retomar las clases<\/strong><\/em><\/p>\n<p>&nbsp;<\/p>\n<p>&nbsp;<\/p>\n<p>Estados Unidos se mantiene como el pa\u00eds m\u00e1s afectado y en las \u00faltimas horas super\u00f3 el umbral de los 5,54 millones de casos y los 173.500 de muertos, seg\u00fan el conteo de la Universidad Johns Hopkins (JHU).<\/p>\n<p>El pa\u00eds intenta volver a la normalidad y varios estados decidieron reiniciar las clases presenciales.<\/p>\n<p>Sin embargo, al menos 15 estados -entre ellos Colorado, Georgia, Indiana, Massachusetts, Carolina del Norte y Virginia- informaron casos de Covid-19 en colegios y universidades, y estiman que la lista podr\u00eda ir aumentando en las pr\u00f3ximas horas.<\/p>\n<p>Brasil, con m\u00e1s 3,45 millones de casos y m\u00e1s de 111.000 muertes, ocupa el segundo lugar tanto en contagiados como en fallecidos.<\/p>\n<p>En San Pablo, el estado m\u00e1s afectado en el pa\u00eds, las autoridades analizan postergar hasta el a\u00f1o pr\u00f3ximo el reinicio de las actividades en las escuelas, una decisi\u00f3n basada en el alto porcentaje de ni\u00f1os asintom\u00e1ticos que pueden agravar m\u00e1s el contagio.<\/p>\n<p>El gobernador Joao Doria y el alcalde paulista, Bruno Covas, defendieron el aislamiento social y la suspensi\u00f3n de las clases, al contrario que el presidente Jair Bolsonaro, quien recientemente volvi\u00f3 a proponer que se reabran los establecimientos escolares.<\/p>\n<p>Bolsonaro, quien desde los inicios de la pandemia se refiri\u00f3 al coronavirus como &#8220;una gripecita&#8221;, afirm\u00f3 que el tapabocas no es eficaz para evitar el contagio, pese a que el Congreso determin\u00f3 la obligatoriedad de su uso en el transporte p\u00fablico, iglesias y c\u00e1rceles.<\/p>\n<p>En el tercer lugar se encuentra India, que hoy super\u00f3 los 2,83 millones de casos y 53.866 muertos, luego de registrarse ayer 70.000 nuevos casos, seguido por Rusia, con m\u00e1s de 939.000 contagios y 16.058 fallecidos.<\/p>\n<p>El director general del Fondo de Inversi\u00f3n Directa de Rusia, Kiril Dimitriev, anunci\u00f3 que la semana pr\u00f3xima comenzar\u00e1n los ensayos cl\u00ednicos &#8220;a gran escala&#8221; de la vacuna Sputnik V con m\u00e1s de 40.000 personas.<\/p>\n<p>Los ensayos &#8220;cumplir\u00e1n plenamente con las normas internacionales&#8221;, asegur\u00f3 Dimitriev despu\u00e9s de que la vacuna rusa pusiera en guardia a la comunidad cient\u00edfica internacional y a la Organizaci\u00f3n Mundial de la Salud (OMS), que dudan de su eficacia.<\/p>\n<p>Inicialmente las pruebas comenzar\u00e1n en Rusia, y a principios de septiembre dar\u00e1n el salto a otros pa\u00edses.<\/p>\n<p>En tanto, varias naciones de Am\u00e9rica Latina se convirtieron en uno de los principales epicentros de la pandemia.<\/p>\n<p>El Ministerio de Salud de M\u00e9xico confirm\u00f3 un total de 537.031 casos acumulados y 58.481 muertos, el tercero con mayor n\u00famero por detr\u00e1s de Estados Unidos y Brasil.<\/p>\n<p>Per\u00fa ocupa la sexta posici\u00f3n, con m\u00e1s de 558.000 contagios y m\u00e1s de 26.800 muertos, seg\u00fan los datos de la JHU.<\/p>\n<p>En octavo lugar est\u00e1 Colombia, que en las \u00faltimas horas super\u00f3 el medio mill\u00f3n de contagios y registra casi 16.000 fallecidos, mientras que Chile se sit\u00faa en novena posici\u00f3n, con algo m\u00e1s de 390.000 contagios confirmados y m\u00e1s de 10.600 decesos, pero con cifras a la baja.<\/p>\n<p>Bolivia alcanz\u00f3 un nuevo pico de la pandemia al registrar m\u00e1s de 2.000 casos en un solo d\u00eda, por lo que son ya 105.050 los casos totales y 4.233 los muertos, con las regiones de Santa Cruz y la Paz como las m\u00e1s afectadas.<\/p>\n<p>Sud\u00e1frica es el pa\u00eds africano m\u00e1s afectado y el quinto de la lista en t\u00e9rminos de contagios, aproxim\u00e1ndose a los 600.000 casos pero con solo 12.400 muertos.<\/p>\n<p>La pandemia sum\u00f3 en todo el continente africano un total de 975.551 casos.<\/p>\n<p>En tanto, la segunda ola lleg\u00f3 a Europa, donde varios pa\u00edses volvieron a sumar casos similares a las cifras anteriores a sus reaperturas, mientras que otros comenzaron a registrar cifras r\u00e9cord de casos.<\/p>\n<p>Ucrania, por ejemplo, super\u00f3 por primera vez los 2.000 contagios en un d\u00eda, un nuevo r\u00e9cord.<\/p>\n<p>En tanto, las autoridades sanitarias croatas informaron hoy de 225 nuevos casos, una cifra sin precedentes desde el inicio de la pandemia y que contribuy\u00f3 a poner en guardia a pa\u00edses como Alemania, que ahora recomienda no viajar a la costa croata.<\/p>\n<p>Alemania, por su parte, registr\u00f3 1.707 nuevas infecciones en las \u00faltimas 24 horas, la cifra diaria m\u00e1s alta desde fines de abril, comunic\u00f3 hoy el Instituto Robert Koch (RKI), ente gubernamental encargado del control de enfermedades infecciosas.<\/p>\n<p>Portugal roza los 55.000 casos tras confirmar 291 m\u00e1s en un d\u00eda, lo que implica de nuevo una suba de los casos activos, ya que en las \u00faltimas 24 horas fueron dados de alta 135 pacientes, mientras que la cifra de fallecidos subi\u00f3 a 1.788.<\/p>\n<p>Mientras el Ministerio de Salud de Francia alert\u00f3 que la transmisi\u00f3n del coronavirus &#8220;va en aumento&#8221; tras sumar 4.700 nuevos casos -la cifra m\u00e1s alta en m\u00e1s de tres meses- y en pleno crecimiento de los ingresos en las unidades de cuidados intensivos.<\/p>\n<p>El presidente Emmanuel Macron no descart\u00f3 que algunas zonas puedan volver a confinarse &#8220;si la situaci\u00f3n lo requiere&#8221;, pero descart\u00f3 una cuarentena general como la realizada en marzo debido a que &#8220;no se puede cerrar el pa\u00eds porque los da\u00f1os colaterales de un confinamiento son considerables&#8221;.<\/p>\n<p>No solo en Europa los contagios volvieron a aumentar, el Centro para el Control y la Prevenci\u00f3n de Enfermedades de Corea del Sur alert\u00f3 que el brote en Se\u00fal est\u00e1 cerca de estallar a nivel nacional, tras registrar m\u00e1s de 1.500 nuevos casos desde la \u00faltima semana, alcanzando cifras r\u00e9cord que no se recordaban desde hace cinco meses, como la del mi\u00e9rcoles cuando se rozaron los 300 positivos.<\/p>\n","protected":false},"excerpt":{"rendered":"<p>Tras superar los 22,48 millones de contagios y las 789.000 muertes, el coronavirus sigue creciendo en Am\u00e9rica y avanza en Asia, mientras que en medio de su &#8220;segunda ola&#8221; en Europa los gobiernos se resisten a volver a tomar medidas restrictivas y muchos pa\u00edses insisten en retomar las clases &nbsp; &nbsp; Estados Unidos se mantiene como el pa\u00eds m\u00e1s afectado y en las \u00faltimas horas super\u00f3 el umbral de los 5,54 millones de casos y los 173.500 de muertos, seg\u00fan el conteo de la Universidad Johns Hopkins (JHU). El pa\u00eds&#8230;<\/p>\n","protected":false},"author":3,"featured_media":65858,"comment_status":"closed","ping_status":"closed","sticky":false,"template":"","format":"standard","meta":[],"categories":[4],"tags":[],"_links":{"self":[{"href":"https:\/\/www.actualidadadiario.com\/index.php\/wp-json\/wp\/v2\/posts\/65857"}],"collection":[{"href":"https:\/\/www.actualidadadiario.com\/index.php\/wp-json\/wp\/v2\/posts"}],"about":[{"href":"https:\/\/www.actualidadadiario.com\/index.php\/wp-json\/wp\/v2\/types\/post"}],"author":[{"embeddable":true,"href":"https:\/\/www.actualidadadiario.com\/index.php\/wp-json\/wp\/v2\/users\/3"}],"replies":[{"embeddable":true,"href":"https:\/\/www.actualidadadiario.com\/index.php\/wp-json\/wp\/v2\/comments?post=65857"}],"version-history":[{"count":1,"href":"https:\/\/www.actualidadadiario.com\/index.php\/wp-json\/wp\/v2\/posts\/65857\/revisions"}],"predecessor-version":[{"id":65859,"href":"https:\/\/www.actualidadadiario.com\/index.php\/wp-json\/wp\/v2\/posts\/65857\/revisions\/65859"}],"wp:featuredmedia":[{"embeddable":true,"href":"https:\/\/www.actualidadadiario.com\/index.php\/wp-json\/wp\/v2\/media\/65858"}],"wp:attachment":[{"href":"https:\/\/www.actualidadadiario.com\/index.php\/wp-json\/wp\/v2\/media?parent=65857"}],"wp:term":[{"taxonomy":"category","embeddable":true,"href":"https:\/\/www.actualidadadiario.com\/index.php\/wp-json\/wp\/v2\/categories?post=65857"},{"taxonomy":"post_tag","embeddable":true,"href":"https:\/\/www.actualidadadiario.com\/index.php\/wp-json\/wp\/v2\/tags?post=65857"}],"curies":[{"name":"wp","href":"https:\/\/api.w.org\/{rel}","templated":true}]}}