{"id":65855,"date":"2020-08-21T12:30:01","date_gmt":"2020-08-21T15:30:01","guid":{"rendered":"https:\/\/www.actualidadadiario.com\/?p=65855"},"modified":"2020-08-21T12:30:01","modified_gmt":"2020-08-21T15:30:01","slug":"el-banco-mundial-preve-que-el-coronavirus-dejara-a-100-millones-de-personas-en-la-pobreza-extrema","status":"publish","type":"post","link":"https:\/\/www.actualidadadiario.com\/index.php\/2020\/08\/21\/el-banco-mundial-preve-que-el-coronavirus-dejara-a-100-millones-de-personas-en-la-pobreza-extrema\/","title":{"rendered":"El Banco Mundial prev\u00e9 que el coronavirus dejar\u00e1 a 100 millones de personas en la pobreza extrema"},"content":{"rendered":"<p style=\"text-align: center;\"><em><strong>La instituci\u00f3n actualiz\u00f3 a la suba su previsi\u00f3n y alert\u00f3 que si la pandemia se prolonga, la cifra podr\u00eda aumentar<\/strong><\/em><\/p>\n<p>&nbsp;<\/p>\n<p>&nbsp;<\/p>\n<p>La pandemia de coronavirus puede haber llevado a la pobreza extrema a 100 millones de personas, advirti\u00f3 el jueves el presidente del Banco Mundial (BM), David Malpass.<\/p>\n<p>La instituci\u00f3n para el desarrollo con sede en Washington hab\u00eda estimado antes que 60 millones de personas caer\u00edan en la pobreza extrema, pero el nuevo c\u00e1lculo es de 70 a 100 millones, y &#8220;esa cifra podr\u00eda aumentar&#8221; si la pandemia empeora o se prolonga, lo cual es posible, alert\u00f3 Malpass a la agencia AFP.<\/p>\n<p>El presidente del Banco Mundial sostuvo que el deterioro se debe a una combinaci\u00f3n de destrucci\u00f3n de empleos durante la pandemia de coronavirus y problemas de suministro que dificultan el acceso a alimentos.<\/p>\n<p>&#8220;Todo esto contribuye a que las personas vuelvan a caer en la pobreza extrema cuanto m\u00e1s tiempo persista la crisis econ\u00f3mica&#8221;, explic\u00f3.<\/p>\n<p>El Banco Mundial se comprometi\u00f3 a destinar 160.000 millones de d\u00f3lares en financiaci\u00f3n para 100 pa\u00edses hasta junio de 2021 en un esfuerzo por abordar la emergencia inmediata, pero aun as\u00ed la pobreza extrema, definida como ganar menos de 1,90 d\u00f3lares al d\u00eda, sigue creciendo.<\/p>\n<p>La situaci\u00f3n hace que sea &#8220;imperativo&#8221; que los acreedores reduzcan el monto de la deuda de los pa\u00edses pobres en riesgo, m\u00e1s all\u00e1 del compromiso de suspender el pago de la deuda, dijo Malpass.<\/p>\n<p>Aun as\u00ed, m\u00e1s pa\u00edses se ver\u00e1n obligados a reestructurar sus pasivos. &#8220;Las vulnerabilidades de la deuda son altas y el imperativo de obtener luz al final del t\u00fanel para que puedan ingresar nuevos inversionistas es sustancial&#8221;, sostuvo.<\/p>\n<p>Las econom\u00edas avanzadas del Grupo de los 20 (G20) ya se han comprometido a suspender los pagos de la deuda de las naciones m\u00e1s pobres hasta fin de a\u00f1o, y existe un apoyo creciente para extender esa moratoria en 2021.<\/p>\n<p>Pero el presidente del Banco Mundial dijo que no ser\u00e1 suficiente, ya que la recesi\u00f3n implica que esos pa\u00edses, que ya bregan por proporcionar un respiro a sus ciudadanos, no estar\u00e1n en una mejor posici\u00f3n para hacer frente a los pagos.<\/p>\n","protected":false},"excerpt":{"rendered":"<p>La instituci\u00f3n actualiz\u00f3 a la suba su previsi\u00f3n y alert\u00f3 que si la pandemia se prolonga, la cifra podr\u00eda aumentar &nbsp; &nbsp; La pandemia de coronavirus puede haber llevado a la pobreza extrema a 100 millones de personas, advirti\u00f3 el jueves el presidente del Banco Mundial (BM), David Malpass. La instituci\u00f3n para el desarrollo con sede en Washington hab\u00eda estimado antes que 60 millones de personas caer\u00edan en la pobreza extrema, pero el nuevo c\u00e1lculo es de 70 a 100 millones, y &#8220;esa cifra podr\u00eda aumentar&#8221; si la pandemia empeora&#8230;<\/p>\n","protected":false},"author":3,"featured_media":51253,"comment_status":"closed","ping_status":"closed","sticky":false,"template":"","format":"standard","meta":[],"categories":[4],"tags":[],"_links":{"self":[{"href":"https:\/\/www.actualidadadiario.com\/index.php\/wp-json\/wp\/v2\/posts\/65855"}],"collection":[{"href":"https:\/\/www.actualidadadiario.com\/index.php\/wp-json\/wp\/v2\/posts"}],"about":[{"href":"https:\/\/www.actualidadadiario.com\/index.php\/wp-json\/wp\/v2\/types\/post"}],"author":[{"embeddable":true,"href":"https:\/\/www.actualidadadiario.com\/index.php\/wp-json\/wp\/v2\/users\/3"}],"replies":[{"embeddable":true,"href":"https:\/\/www.actualidadadiario.com\/index.php\/wp-json\/wp\/v2\/comments?post=65855"}],"version-history":[{"count":1,"href":"https:\/\/www.actualidadadiario.com\/index.php\/wp-json\/wp\/v2\/posts\/65855\/revisions"}],"predecessor-version":[{"id":65856,"href":"https:\/\/www.actualidadadiario.com\/index.php\/wp-json\/wp\/v2\/posts\/65855\/revisions\/65856"}],"wp:featuredmedia":[{"embeddable":true,"href":"https:\/\/www.actualidadadiario.com\/index.php\/wp-json\/wp\/v2\/media\/51253"}],"wp:attachment":[{"href":"https:\/\/www.actualidadadiario.com\/index.php\/wp-json\/wp\/v2\/media?parent=65855"}],"wp:term":[{"taxonomy":"category","embeddable":true,"href":"https:\/\/www.actualidadadiario.com\/index.php\/wp-json\/wp\/v2\/categories?post=65855"},{"taxonomy":"post_tag","embeddable":true,"href":"https:\/\/www.actualidadadiario.com\/index.php\/wp-json\/wp\/v2\/tags?post=65855"}],"curies":[{"name":"wp","href":"https:\/\/api.w.org\/{rel}","templated":true}]}}