{"id":65849,"date":"2020-08-21T12:28:26","date_gmt":"2020-08-21T15:28:26","guid":{"rendered":"https:\/\/www.actualidadadiario.com\/?p=65849"},"modified":"2020-08-21T12:28:26","modified_gmt":"2020-08-21T15:28:26","slug":"la-academia-de-hollywood-debate-sobre-racismo-y-machismo-en-el-cine","status":"publish","type":"post","link":"https:\/\/www.actualidadadiario.com\/index.php\/2020\/08\/21\/la-academia-de-hollywood-debate-sobre-racismo-y-machismo-en-el-cine\/","title":{"rendered":"La Academia de Hollywood debate sobre racismo y machismo en el cine"},"content":{"rendered":"<p style=\"text-align: center;\"><em><strong>La instituci\u00f3n present\u00f3 hoy la primera entrega de un ciclo de diez debates virtuales sobre el racismo y la desigualdad de g\u00e9nero en la gran pantalla, con un di\u00e1logo entre Whoopi Goldberg y Bryan Stevenson<\/strong><\/em><\/p>\n<p>&nbsp;<\/p>\n<p>La Academia de Hollywood, que organiza anualmente los Premios Oscar, present\u00f3 hoy la primera entrega de un ciclo de diez debates virtuales sobre el racismo y la desigualdad de g\u00e9nero en la gran pantalla.<\/p>\n<p>&#8220;Di\u00e1logos de la Academia: esto empieza por nosotros&#8221; es el t\u00edtulo de esta iniciativa que, seg\u00fan explic\u00f3 la instituci\u00f3n en un comunicado de prensa, reflexionar\u00e1 sobre &#8220;razas, etnias, historia, oportunidades y el arte del cine&#8221;.<\/p>\n<p>El primer debate de este ciclo, bajo el t\u00edtulo &#8220;El poder de la narrativa&#8221;, ya est\u00e1 disponible en YouTube y cuenta con Whoopi Goldberg y Bryan Stevenson como invitados, inform\u00f3 un cable de la agencia espa\u00f1ola EFE.<\/p>\n<p>&#8220;Estas discusiones se enfocan en los cambios sist\u00e9micos a escala industrial que se necesitan para garantizar m\u00e1s oportunidades a las mujeres y a las personas de comunidades \u00e9tnicas o raciales infrarrepresentadas&#8221;, a\u00f1adi\u00f3 la Academia.<\/p>\n<p>Lorenza Mu\u00f1oz, vicepresidenta ejecutiva y a cargo de los premios y de las relaciones entre los miembros de la Academia, asegur\u00f3 que estos debates son &#8220;relevantes&#8221; y &#8220;significativos&#8221; especialmente en este momento.<\/p>\n<p>&#8220;Estas conversaciones quiz\u00e1 sean inc\u00f3modas para algunos, pero son necesarias para expandir las historias que llegan a contarse y para aumentar las oportunidades de aquellos que han sido excluidos&#8221;, detall\u00f3.<\/p>\n<p>El 10 de septiembre se presentar\u00e1 &#8220;El borrado de los latinos en Hollywood&#8221;, una mesa redonda sobre c\u00f3mo el cine estadounidense ha fallado hist\u00f3ricamente a la hora de incluir a los latinos en sus relatos y producciones.<\/p>\n<p>En esta conversaci\u00f3n participar\u00e1n, entre otros, la vicepresidenta ejecutiva de producci\u00f3n de Marvel Studios Victoria Alonso, la directora de casting Carmen Cuba y la cineasta Nadia Hallgren.<\/p>\n<p>En el resto de debates de este ciclo de la Academia aparecer\u00e1n otras figuras del cine como Taraji P. Henson, Delroy Lindo, Lulu Wang, Tarell Alvin McCraney o Lee Daniels.<\/p>\n","protected":false},"excerpt":{"rendered":"<p>La instituci\u00f3n present\u00f3 hoy la primera entrega de un ciclo de diez debates virtuales sobre el racismo y la desigualdad de g\u00e9nero en la gran pantalla, con un di\u00e1logo entre Whoopi Goldberg y Bryan Stevenson &nbsp; La Academia de Hollywood, que organiza anualmente los Premios Oscar, present\u00f3 hoy la primera entrega de un ciclo de diez debates virtuales sobre el racismo y la desigualdad de g\u00e9nero en la gran pantalla. &#8220;Di\u00e1logos de la Academia: esto empieza por nosotros&#8221; es el t\u00edtulo de esta iniciativa que, seg\u00fan explic\u00f3 la instituci\u00f3n en&#8230;<\/p>\n","protected":false},"author":3,"featured_media":65850,"comment_status":"closed","ping_status":"closed","sticky":false,"template":"","format":"standard","meta":[],"categories":[4],"tags":[],"_links":{"self":[{"href":"https:\/\/www.actualidadadiario.com\/index.php\/wp-json\/wp\/v2\/posts\/65849"}],"collection":[{"href":"https:\/\/www.actualidadadiario.com\/index.php\/wp-json\/wp\/v2\/posts"}],"about":[{"href":"https:\/\/www.actualidadadiario.com\/index.php\/wp-json\/wp\/v2\/types\/post"}],"author":[{"embeddable":true,"href":"https:\/\/www.actualidadadiario.com\/index.php\/wp-json\/wp\/v2\/users\/3"}],"replies":[{"embeddable":true,"href":"https:\/\/www.actualidadadiario.com\/index.php\/wp-json\/wp\/v2\/comments?post=65849"}],"version-history":[{"count":1,"href":"https:\/\/www.actualidadadiario.com\/index.php\/wp-json\/wp\/v2\/posts\/65849\/revisions"}],"predecessor-version":[{"id":65851,"href":"https:\/\/www.actualidadadiario.com\/index.php\/wp-json\/wp\/v2\/posts\/65849\/revisions\/65851"}],"wp:featuredmedia":[{"embeddable":true,"href":"https:\/\/www.actualidadadiario.com\/index.php\/wp-json\/wp\/v2\/media\/65850"}],"wp:attachment":[{"href":"https:\/\/www.actualidadadiario.com\/index.php\/wp-json\/wp\/v2\/media?parent=65849"}],"wp:term":[{"taxonomy":"category","embeddable":true,"href":"https:\/\/www.actualidadadiario.com\/index.php\/wp-json\/wp\/v2\/categories?post=65849"},{"taxonomy":"post_tag","embeddable":true,"href":"https:\/\/www.actualidadadiario.com\/index.php\/wp-json\/wp\/v2\/tags?post=65849"}],"curies":[{"name":"wp","href":"https:\/\/api.w.org\/{rel}","templated":true}]}}