{"id":65846,"date":"2020-08-21T12:25:44","date_gmt":"2020-08-21T15:25:44","guid":{"rendered":"https:\/\/www.actualidadadiario.com\/?p=65846"},"modified":"2020-08-21T12:25:44","modified_gmt":"2020-08-21T15:25:44","slug":"confirmado-atp-5-tendra-subsidios-y-metas-de-empleo","status":"publish","type":"post","link":"https:\/\/www.actualidadadiario.com\/index.php\/2020\/08\/21\/confirmado-atp-5-tendra-subsidios-y-metas-de-empleo\/","title":{"rendered":"Confirmado: ATP 5 tendr\u00e1 subsidios y metas de empleo"},"content":{"rendered":"<p style=\"text-align: center;\"><em><strong>El programa de asistencia continuar\u00e1 hasta diciembre, pero con un mayor componente de cr\u00e9ditos. Se demoran medidas de reactivaci\u00f3n<\/strong><\/em><\/p>\n<p>&nbsp;<\/p>\n<p>&nbsp;<\/p>\n<p>Acotado a los planes de asistencia productiva y social por los efectos de la pandemia, el Gabinete econ\u00f3mico volvi\u00f3 a reunirse en Casa Rosada para analizar estad\u00edsticas de la cuarta entrega del programa de ATP, su ampliaci\u00f3n para cubrir salarios de agosto y la reconversi\u00f3n de ese instrumento en cr\u00e9ditos blandos para empresas que se extender\u00e1, al menos, hasta diciembre.<\/p>\n<p>Del total de las empresas que se han anotado en el programa para recibir el auxilio estatal para los sueldos de julio, el 77% est\u00e1 en condiciones de solicitar el salario complementario o el cr\u00e9dito subsidiado. Durante la reuni\u00f3n se analizaron los n\u00fameros finales de la cuarta ronda de ATP, donde se inscribieron 273.809 empresas. Del total de empresas inscriptas, 210.884 estar\u00edan en condiciones de acceder a los beneficios del programa: 135.484 v\u00eda salario complementario y 75.400 por cr\u00e9dito subsidiado, lo que representa un universo de 1.740.617 trabajadores (1.387.186 por salario complementario y 353.431 de cr\u00e9dito subsidiado).<\/p>\n<p>Asimismo, se destac\u00f3 que el porcentaje de empresas alcanzadas desde la primera edici\u00f3n del programa se increment\u00f3 de un 57% en abril, hasta el 77% actual, mientras que los trabajadores beneficiados pasaron del 48% al 68%. En este punto cabe destacar que, desde esta \u00faltima edici\u00f3n, se ampli\u00f3 el universo de empresas que pod\u00edan inscribirse para recibir el beneficio, ya que en el ATP 4 las empresas en las que se observa una recuperaci\u00f3n en la facturaci\u00f3n (de hasta el 30 por ciento) pueden acceder a un cr\u00e9dito subsidiado para afrontar el pago de los salarios.<\/p>\n<p>Mientras el plan de 60 medidas de reactivaci\u00f3n econ\u00f3mica sigue demorado en el Ministerio de la Producci\u00f3n de Mat\u00edas Kulfas, las principales pol\u00edticas de asistencia de la pandemia tuvieron como protagonistas a la AFIP de Mercedes Marc\u00f3 del Pont y la ANSES de Fernanda Raverta, dos dependencias que ya cuentan con el know how a partir de la gesti\u00f3n de Cristina Kirchner. En cuanto a nuevas medidas del Gobierno, Kulfas se adelant\u00f3 esta semana con un anuncio: el aumento de las naftas que representar\u00e1, al menos, medio punto de inflaci\u00f3n acumulada en el pr\u00f3ximo mes.<\/p>\n<p>Del encuentro del Gabinete que encabeza Santiago Cafiero formaron parte los titulares del Ministerio de Econom\u00eda, Mart\u00edn Guzm\u00e1n; de Trabajo, Claudio Moroni; de la AFIP; Mercedes Marc\u00f3 del Pont, el presidente del Banco Central de la Rep\u00fablica Argentina, Miguel Pesce y la vicejefa de Gabinete, Cecilia Todesca Bocco. En Casa Rosada se analiz\u00f3 tambi\u00e9n la ca\u00edda de la actividad econ\u00f3mica del 12,3% -la mitad de lo que se contrajo en abril y mayo- de acuerdo al INDEC. Seg\u00fan el Estimador Mensual de Actividad Econ\u00f3mica (EMAE), el sector que m\u00e1s cay\u00f3 fue el de hoteles y restoranes, donde m\u00e1s impactan las restricciones por la emergencia sanitaria, con 62,7%.<\/p>\n<p>Los \u00fanicos dos sectores que mostraron crecimiento en junio, en la comparaci\u00f3n interanual, fueron la actividad financiera y bancaria, con una mejora del 4,8%, y la utilizaci\u00f3n de la electricidad, agua y gas, 3,6%, por la flexibilizaci\u00f3n de la actividad productiva en junio.<\/p>\n<p>Para la cobertura de hasta el 50% de los salarios de julio, m\u00e1s del 70% de las empresas que se registraron en la p\u00e1gina de la AFIP fueron beneficiadas por el programa estatal para auxiliar a las empresas. Los datos preliminares de la cuarta ronda indican que 135.000 empresas fueron aprobadas para el pago de salario complementario para 1,4 millones de trabajadores y trabajadoras y 65.000 para cr\u00e9ditos a tasas subsidiadas para asistir el salario de 400.000 empleados\/as, lo que implica un desembolso de 27.000 y 7.000 millones de pesos, respectivamente. Esta cifra representa una baja respecto de las anteriores rondas de la ATP, lo cual se explica en buena medida por la recuperaci\u00f3n en el nivel de actividad.<\/p>\n<p>Ayer Kulfas, afirm\u00f3 que el Programa de Asistencia de Emergencia al Trabajo y la Producci\u00f3n (ATP), continuar\u00e1 en el corto plazo bajo la forma de cr\u00e9dito a las empresas en recuperaci\u00f3n atado a metas de empleo. \u201cQuiz\u00e1s a partir del mes que viene planeamos la posibilidad de ofrecerles a las empresas en recuperaci\u00f3n un cr\u00e9dito convertible en subsidio a metas de empleo\u201d, se\u00f1al\u00f3 Kulfas antes de la reuni\u00f3n de Gabinete econ\u00f3mico durante una videoconferencia organizada por la Universidad Torcuato Di Tella. El ministro destac\u00f3, adem\u00e1s, el \u201c\u00e9xito\u201d de los ATP, que sostuvieron \u201cpuestos de trabajo\u201d durante la crisis de la pandemia de coronavirus, incluso en t\u00e9rminos comparativos con el mercado laboral de Brasil y Chile.<\/p>\n<p>\u201cLa construcci\u00f3n, que viene de tres a\u00f1os de ca\u00edda, con bajo costo en d\u00f3lares, est\u00e1 para pegar el salto. Tambi\u00e9n seguimos con atenci\u00f3n sectores como la carne porcina y petr\u00f3leo y gas. Otro eje central es la econom\u00eda del conocimiento\u201d, remarc\u00f3 Kulfas. Claudio Moroni tambi\u00e9n confirm\u00f3 que las actividades m\u00e1s afectadas por el impacto econ\u00f3mico de la pandemia de coronavirus continuar\u00e1n percibiendo la asistencia del Estado \u201cpor lo menos hasta diciembre pr\u00f3ximo\u201d y destac\u00f3 la importancia de avanzar en un \u201cproyecto de desarrollo que tenga perspectiva de sostenimiento en el tiempo\u201d. \u201cEn ese sentido, me preocupan m\u00e1s las herramientas que las definiciones, y creo que las herramientas que hemos dise\u00f1ado, como el Programa de Asistencia de Emergencia al Trabajo y la Producci\u00f3n (ATP) y el Ingreso Familiar de Emergencia (IFE) para trabajos formales e informales, han sido bastante flexibles\u201d, remarc\u00f3 el ministro de Trabajo.<\/p>\n","protected":false},"excerpt":{"rendered":"<p>El programa de asistencia continuar\u00e1 hasta diciembre, pero con un mayor componente de cr\u00e9ditos. Se demoran medidas de reactivaci\u00f3n &nbsp; &nbsp; Acotado a los planes de asistencia productiva y social por los efectos de la pandemia, el Gabinete econ\u00f3mico volvi\u00f3 a reunirse en Casa Rosada para analizar estad\u00edsticas de la cuarta entrega del programa de ATP, su ampliaci\u00f3n para cubrir salarios de agosto y la reconversi\u00f3n de ese instrumento en cr\u00e9ditos blandos para empresas que se extender\u00e1, al menos, hasta diciembre. Del total de las empresas que se han anotado&#8230;<\/p>\n","protected":false},"author":3,"featured_media":65847,"comment_status":"closed","ping_status":"closed","sticky":false,"template":"","format":"standard","meta":[],"categories":[9],"tags":[],"_links":{"self":[{"href":"https:\/\/www.actualidadadiario.com\/index.php\/wp-json\/wp\/v2\/posts\/65846"}],"collection":[{"href":"https:\/\/www.actualidadadiario.com\/index.php\/wp-json\/wp\/v2\/posts"}],"about":[{"href":"https:\/\/www.actualidadadiario.com\/index.php\/wp-json\/wp\/v2\/types\/post"}],"author":[{"embeddable":true,"href":"https:\/\/www.actualidadadiario.com\/index.php\/wp-json\/wp\/v2\/users\/3"}],"replies":[{"embeddable":true,"href":"https:\/\/www.actualidadadiario.com\/index.php\/wp-json\/wp\/v2\/comments?post=65846"}],"version-history":[{"count":1,"href":"https:\/\/www.actualidadadiario.com\/index.php\/wp-json\/wp\/v2\/posts\/65846\/revisions"}],"predecessor-version":[{"id":65848,"href":"https:\/\/www.actualidadadiario.com\/index.php\/wp-json\/wp\/v2\/posts\/65846\/revisions\/65848"}],"wp:featuredmedia":[{"embeddable":true,"href":"https:\/\/www.actualidadadiario.com\/index.php\/wp-json\/wp\/v2\/media\/65847"}],"wp:attachment":[{"href":"https:\/\/www.actualidadadiario.com\/index.php\/wp-json\/wp\/v2\/media?parent=65846"}],"wp:term":[{"taxonomy":"category","embeddable":true,"href":"https:\/\/www.actualidadadiario.com\/index.php\/wp-json\/wp\/v2\/categories?post=65846"},{"taxonomy":"post_tag","embeddable":true,"href":"https:\/\/www.actualidadadiario.com\/index.php\/wp-json\/wp\/v2\/tags?post=65846"}],"curies":[{"name":"wp","href":"https:\/\/api.w.org\/{rel}","templated":true}]}}