{"id":65806,"date":"2020-08-21T12:10:56","date_gmt":"2020-08-21T15:10:56","guid":{"rendered":"https:\/\/www.actualidadadiario.com\/?p=65806"},"modified":"2020-08-21T12:10:56","modified_gmt":"2020-08-21T15:10:56","slug":"la-justicia-trabaja-en-el-protocolo-de-covid-19-y-para-realizar-un-primer-juicio-por-jurado-antes-de-fin-de-ano","status":"publish","type":"post","link":"https:\/\/www.actualidadadiario.com\/index.php\/2020\/08\/21\/la-justicia-trabaja-en-el-protocolo-de-covid-19-y-para-realizar-un-primer-juicio-por-jurado-antes-de-fin-de-ano\/","title":{"rendered":"La Justicia trabaja en el protocolo de Covid-19 y para realizar un primer juicio por jurado antes de fin de a\u00f1o"},"content":{"rendered":"<p style=\"text-align: center;\"><em><strong>El coordinador de juicios por jurados, Elvio Garz\u00f3n, adelant\u00f3 que en los pr\u00f3ximos d\u00edas podr\u00eda estar listo el protocolo para implementar este sistema de juzgamiento y que es posible que, antes de fin de a\u00f1o, se realice una primera experiencia en la provincia<\/strong><\/em><\/p>\n<p>&nbsp;<\/p>\n<p>&nbsp;<\/p>\n<p>El protocolo de actuaci\u00f3n para realizar un juicio por jurados est\u00e1 en marcha, indic\u00f3 el magistrado. \u201cSi bien tenemos uno para los juicios comunes, yo present\u00e9 hace un par de d\u00edas un escrito al \u00e1rea ocupacional y de trabajo e higiene para que se pueda ver de qu\u00e9 manera se van a desarrollar los juicios por jurado\u201d, coment\u00f3 Garz\u00f3n.<\/p>\n<p>Al respecto, dijo que estuvo hablando con los titulares de esas \u00e1reas, Valeria Moyano en Salud Ocupacional y Mario Benavento en Higiene y Seguridad del Poder Judicial, y estim\u00f3 que entre este viernes y la pr\u00f3xima semana \u201cestar\u00eda resuelto el tema\u201d.<\/p>\n<p>La protocolizaci\u00f3n incluye todas las etapas del proceso, incluso la audiencia previa donde se convoca a 40 personas que pueden ser elegidas para integrar el jurado para seleccionar las 12 que juzgar\u00e1n el crimen. \u201cEst\u00e1 todo previsto de tal manera de no perjudicar a la gente que tiene que concurrir\u201d, sentenci\u00f3 Garz\u00f3n.<\/p>\n<p>Adem\u00e1s, adelant\u00f3 que en Paran\u00e1 se realizar\u00e1n en el sal\u00f3n del Superior Tribunal de Justicia, un gran espacio ubicado en el segundo piso del edificio judicial donde la capacidad para recibir a todas las personas que intervendr\u00e1n en el proceso \u201csobra\u201d teniendo en cuenta los \u201cdistanciamientos sociales\u201d, evalu\u00f3.<\/p>\n<p>En otros lugares de la provincia, el magistrado record\u00f3 que en todas las provincias donde se puso en marcha el sistema \u201clos primeros juicios por jurado no fueron en el \u00e1mbito del Poder Judicial. Se han realizado en teatros, en centros de convenciones y en clubes, lugares para que vaya mucha gente porque es un proceso oral y p\u00fablico. En este sentido, no habr\u00eda inconvenientes (en Entre R\u00edos) para hacerlos en otros lugares, como de hecho algunas jurisdicciones est\u00e1n previendo, teniendo en cuenta el protocolo sanitario\u201d.<\/p>\n<p>Garz\u00f3n tambi\u00e9n mencion\u00f3 que \u201cexiste la posibilidad\u201d de que antes de fin de a\u00f1o se pueda aplicar la nueva ley sancionada a fines del a\u00f1o pasado por la Legislatura y juzgar un crimen por jurado. Meses atr\u00e1s, se produjo el sorteo y se seleccion\u00f3 el universo de ciudadanos y ciudadanas elegibles para integrar el \u00f3rgano de juzgamiento.<\/p>\n","protected":false},"excerpt":{"rendered":"<p>El coordinador de juicios por jurados, Elvio Garz\u00f3n, adelant\u00f3 que en los pr\u00f3ximos d\u00edas podr\u00eda estar listo el protocolo para implementar este sistema de juzgamiento y que es posible que, antes de fin de a\u00f1o, se realice una primera experiencia en la provincia &nbsp; &nbsp; El protocolo de actuaci\u00f3n para realizar un juicio por jurados est\u00e1 en marcha, indic\u00f3 el magistrado. \u201cSi bien tenemos uno para los juicios comunes, yo present\u00e9 hace un par de d\u00edas un escrito al \u00e1rea ocupacional y de trabajo e higiene para que se pueda&#8230;<\/p>\n","protected":false},"author":3,"featured_media":65807,"comment_status":"closed","ping_status":"closed","sticky":false,"template":"","format":"standard","meta":[],"categories":[15],"tags":[],"_links":{"self":[{"href":"https:\/\/www.actualidadadiario.com\/index.php\/wp-json\/wp\/v2\/posts\/65806"}],"collection":[{"href":"https:\/\/www.actualidadadiario.com\/index.php\/wp-json\/wp\/v2\/posts"}],"about":[{"href":"https:\/\/www.actualidadadiario.com\/index.php\/wp-json\/wp\/v2\/types\/post"}],"author":[{"embeddable":true,"href":"https:\/\/www.actualidadadiario.com\/index.php\/wp-json\/wp\/v2\/users\/3"}],"replies":[{"embeddable":true,"href":"https:\/\/www.actualidadadiario.com\/index.php\/wp-json\/wp\/v2\/comments?post=65806"}],"version-history":[{"count":1,"href":"https:\/\/www.actualidadadiario.com\/index.php\/wp-json\/wp\/v2\/posts\/65806\/revisions"}],"predecessor-version":[{"id":65808,"href":"https:\/\/www.actualidadadiario.com\/index.php\/wp-json\/wp\/v2\/posts\/65806\/revisions\/65808"}],"wp:featuredmedia":[{"embeddable":true,"href":"https:\/\/www.actualidadadiario.com\/index.php\/wp-json\/wp\/v2\/media\/65807"}],"wp:attachment":[{"href":"https:\/\/www.actualidadadiario.com\/index.php\/wp-json\/wp\/v2\/media?parent=65806"}],"wp:term":[{"taxonomy":"category","embeddable":true,"href":"https:\/\/www.actualidadadiario.com\/index.php\/wp-json\/wp\/v2\/categories?post=65806"},{"taxonomy":"post_tag","embeddable":true,"href":"https:\/\/www.actualidadadiario.com\/index.php\/wp-json\/wp\/v2\/tags?post=65806"}],"curies":[{"name":"wp","href":"https:\/\/api.w.org\/{rel}","templated":true}]}}