{"id":65800,"date":"2020-08-21T12:09:24","date_gmt":"2020-08-21T15:09:24","guid":{"rendered":"https:\/\/www.actualidadadiario.com\/?p=65800"},"modified":"2020-08-21T12:09:24","modified_gmt":"2020-08-21T15:09:24","slug":"legisladores-y-funcionarios-entrerrianos-analizaron-el-proyecto-chino-de-inversion-en-porcinos","status":"publish","type":"post","link":"https:\/\/www.actualidadadiario.com\/index.php\/2020\/08\/21\/legisladores-y-funcionarios-entrerrianos-analizaron-el-proyecto-chino-de-inversion-en-porcinos\/","title":{"rendered":"Legisladores y funcionarios entrerrianos analizaron el proyecto chino de inversi\u00f3n en porcinos"},"content":{"rendered":"<p style=\"text-align: center;\"><em><strong>Convocado por el ministro de Producci\u00f3n, Juan Jos\u00e9 Bahillo, tuvo lugar un encuentro virtual con la presencia de la vicegobernadora Laura Stratta, legisladores oficialistas y funcionarios del gobierno, donde se interiorizaron sobre el proyecto chino de inversi\u00f3n para desarrollo del sector porcino<\/strong><\/em><\/p>\n<p>&nbsp;<\/p>\n<p>&nbsp;<\/p>\n<p>Por distintos motivos, el gobierno del pa\u00eds asi\u00e1tico ha visto mermada su producci\u00f3n, por lo que ha decidido incrementarla pero con un modelo que contempla realizar la inversi\u00f3n en el extranjero para que sean esos pa\u00edses los que se encarguen de la cr\u00eda y la producci\u00f3n.<\/p>\n<p>Para ello, planifican que se instalen 25 granjas de 12.000 madres cada una con el consiguiente impacto econ\u00f3mico en instalaciones, consumo de ma\u00edz, necesidad de crecimiento de las \u00e1reas sembradas de este cereal, disminuci\u00f3n de costos de flete a puerto; y notable aumento de las exportaciones, generaci\u00f3n de divisas y creaci\u00f3n de trabajo formal, genuino y de calidad. Paralelamente, la concreci\u00f3n significar\u00eda tambi\u00e9n un enorme desarrollo de inversiones en galpones, comederos, jaulas, pisos y otros elementos de la industria metalmec\u00e1nica y del pl\u00e1stico.<\/p>\n<p>El proyecto est\u00e1 muy avanzado en t\u00e9rminos diplom\u00e1ticos ya que se ultiman detalles de un memor\u00e1ndum de entendimiento para dotarlo de institucionalidad, que podr\u00eda rubricarse pr\u00f3ximamente.<\/p>\n<p>En este sentido, el gobierno chino pretende que la firma se lleve a cabo en noviembre en coincidencia con la Feria de Shangai, donde Argentina ha sido distinguida como Pa\u00eds Invitado de Honor. En cambio, el gobierno argentino pretende que el acuerdo se firme unos meses antes y que la Feria de Shangai se aproveche para realizar un encuentro t\u00e9cnico entre funcionarios de los dos Estados.<\/p>\n<p>Las expectativas son muy alentadoras por el v\u00ednculo econ\u00f3mico entre los dos pa\u00edses que se viene fortaleciendo desde hace dos d\u00e9cadas y por el notable peso espec\u00edfico como principal socio comercial que significa el gigante asi\u00e1tico para las exportaciones nacionales. Adem\u00e1s, el excelente status sanitario y otras condiciones objetivas permiten mantener el optimismo.<\/p>\n<p>Lo que a\u00fan no est\u00e1 decidido es el lugar de radicaci\u00f3n de esas granjas que terminar\u00e1 siendo una decisi\u00f3n presidencial a partir del asesoramiento de los especialistas en ganader\u00eda. No obstante, Entre R\u00edos cuenta con ventajas comparativas como para suponer que podr\u00eda ser una de las provincias elegidas, ya que posee una larga tradici\u00f3n y expertiz de producciones intensivas que transforman la prote\u00edna vegetal en prote\u00edna animal -como la avicultura-; dispone de puertos de aguas profundas con calados naturales; se encuentra en una ubicaci\u00f3n geogr\u00e1fica privilegiada con f\u00e1cil acceso a centros urbanos de alto consumo; y tiene un entramado empresarial con una firme cultura del trabajo, de asumir riesgos, de invertir en tecnolog\u00eda de punta y de ser receptivo a las innovaciones.<\/p>\n<p>Al respecto, el ministro Bahillo celebr\u00f3 la posibilidad de que los funcionarios nacionales puedan brindar informaci\u00f3n y aspectos medulares de este proyecto de tanta magnitud, para que los asistentes a este Foro puedan despejar dudas, plantear inquietudes y exponer sus ideas al respecto.<\/p>\n<p>\u201cDe esta manera \u2013sostuvo el ministro- estamos absorbiendo conocimientos que nos permitir\u00e1n tener mejores elementos para acompa\u00f1ar las decisiones y la gesti\u00f3n de nuestro gobierno nacional que, claramente, muestra su preocupaci\u00f3n por revertir tantos a\u00f1os de especulaci\u00f3n financiera y concentraci\u00f3n econ\u00f3mica para construir herramientas que promuevan el trabajo genuino, la generaci\u00f3n de riquezas, el impulso a las econom\u00edas regionales y el arraigo de la gente en los lugares donde tiene sus proyectos de vida\u201d.<\/p>\n<p>\u201cQueremos acompa\u00f1ar esta iniciativa sin descuidar la eficiencia y la responsabilidad, cuidando nuestro ambiente, protegiendo el status sanitario alcanzado, respetando la bioseguridad y con normas de bienestar animal\u201d.<\/p>\n<p>Y agreg\u00f3: \u201cDe materializarse esto, estar\u00edamos cambiando la matriz productiva y nuestro pa\u00eds en general y nuestra provincia en particular volver\u00e1 a ser una tierra de oportunidades\u201d.<\/p>\n<p>Estuvieron presentes, el presidente de la C\u00e1mara de Diputados de la provincia, Angel Giano; el secretario de Agricultura y Ganader\u00eda, Lucio Amavet; y el director de Ganader\u00eda, Exequiel Alvarenque.<\/p>\n<p>Los funcionarios nacionales que expusieron sobre el proyecto fueron el subsecretario de Ganader\u00eda de la Naci\u00f3n, Jos\u00e9 Romero, y el subsecretario de Promoci\u00f3n del Comercio e Inversiones de Canciller\u00eda, Pablo S\u00edvori.<\/p>\n","protected":false},"excerpt":{"rendered":"<p>Convocado por el ministro de Producci\u00f3n, Juan Jos\u00e9 Bahillo, tuvo lugar un encuentro virtual con la presencia de la vicegobernadora Laura Stratta, legisladores oficialistas y funcionarios del gobierno, donde se interiorizaron sobre el proyecto chino de inversi\u00f3n para desarrollo del sector porcino &nbsp; &nbsp; Por distintos motivos, el gobierno del pa\u00eds asi\u00e1tico ha visto mermada su producci\u00f3n, por lo que ha decidido incrementarla pero con un modelo que contempla realizar la inversi\u00f3n en el extranjero para que sean esos pa\u00edses los que se encarguen de la cr\u00eda y la producci\u00f3n&#8230;.<\/p>\n","protected":false},"author":3,"featured_media":65801,"comment_status":"closed","ping_status":"closed","sticky":false,"template":"","format":"standard","meta":[],"categories":[15],"tags":[],"_links":{"self":[{"href":"https:\/\/www.actualidadadiario.com\/index.php\/wp-json\/wp\/v2\/posts\/65800"}],"collection":[{"href":"https:\/\/www.actualidadadiario.com\/index.php\/wp-json\/wp\/v2\/posts"}],"about":[{"href":"https:\/\/www.actualidadadiario.com\/index.php\/wp-json\/wp\/v2\/types\/post"}],"author":[{"embeddable":true,"href":"https:\/\/www.actualidadadiario.com\/index.php\/wp-json\/wp\/v2\/users\/3"}],"replies":[{"embeddable":true,"href":"https:\/\/www.actualidadadiario.com\/index.php\/wp-json\/wp\/v2\/comments?post=65800"}],"version-history":[{"count":1,"href":"https:\/\/www.actualidadadiario.com\/index.php\/wp-json\/wp\/v2\/posts\/65800\/revisions"}],"predecessor-version":[{"id":65802,"href":"https:\/\/www.actualidadadiario.com\/index.php\/wp-json\/wp\/v2\/posts\/65800\/revisions\/65802"}],"wp:featuredmedia":[{"embeddable":true,"href":"https:\/\/www.actualidadadiario.com\/index.php\/wp-json\/wp\/v2\/media\/65801"}],"wp:attachment":[{"href":"https:\/\/www.actualidadadiario.com\/index.php\/wp-json\/wp\/v2\/media?parent=65800"}],"wp:term":[{"taxonomy":"category","embeddable":true,"href":"https:\/\/www.actualidadadiario.com\/index.php\/wp-json\/wp\/v2\/categories?post=65800"},{"taxonomy":"post_tag","embeddable":true,"href":"https:\/\/www.actualidadadiario.com\/index.php\/wp-json\/wp\/v2\/tags?post=65800"}],"curies":[{"name":"wp","href":"https:\/\/api.w.org\/{rel}","templated":true}]}}