{"id":65787,"date":"2020-08-20T12:54:05","date_gmt":"2020-08-20T15:54:05","guid":{"rendered":"https:\/\/www.actualidadadiario.com\/?p=65787"},"modified":"2020-08-20T12:54:05","modified_gmt":"2020-08-20T15:54:05","slug":"la-crisis-del-coronavirus-dejara-a-118-millones-de-mujeres-latinoamericanas-en-la-pobreza","status":"publish","type":"post","link":"https:\/\/www.actualidadadiario.com\/index.php\/2020\/08\/20\/la-crisis-del-coronavirus-dejara-a-118-millones-de-mujeres-latinoamericanas-en-la-pobreza\/","title":{"rendered":"La crisis del coronavirus dejar\u00e1 a 118 millones de mujeres latinoamericanas en la pobreza"},"content":{"rendered":"<p style=\"text-align: center;\"><em><strong>En la presentaci\u00f3n de un informe sobre el rol de las cuidadoras durante la pandemia, la Cepal advirti\u00f3 de que la poblaci\u00f3n femenina va a ser afectada de forma desproporcionada<\/strong><\/em><\/p>\n<p>&nbsp;<\/p>\n<p>&nbsp;<\/p>\n<p>La crisis econ\u00f3mica generada por la covid-19 se cebar\u00e1 con las mujeres, especialmente con las que tienen menos recursos, y dejar\u00e1 a 118 millones de latinoamericanas viviendo en la pobreza este 2020, un 22% m\u00e1s que el a\u00f1o anterior, seg\u00fan advirti\u00f3 este mi\u00e9rcoles la Comisi\u00f3n Econ\u00f3mica para Am\u00e9rica Latina y el Caribe (Cepal) en la presentaci\u00f3n de un informe sobre el rol de las cuidadoras durante la pandemia junto con ONU Mujeres. \u201cEsta es la peor contracci\u00f3n econ\u00f3mica de los \u00faltimos 100 a\u00f1os de la regi\u00f3n y las mujeres van a ser particularmente afectadas, en forma desproporcional, porque va a haber mayor incremento de desempleo, pobreza y, sobre todo, se van a ver afectadas por la sobrecarga de cuidados, especialmente en los hogares m\u00e1s pobres\u201d, afirm\u00f3 la secretaria ejecutiva de la organizaci\u00f3n, Alicia B\u00e1rcena.<\/p>\n<p>Adem\u00e1s del incremento de la tasa de pobreza femenina de la regi\u00f3n en un 37,4%, la pandemia dejar\u00e1 al 15,2% de las latinoamericanas desempleadas, seis puntos porcentuales m\u00e1s que en 2019. El organismo atribuye la especial afectaci\u00f3n de la pandemia a las mujeres a lo que llama \u201cnudos estructurales de la desigualdad\u201d, especialmente los relacionados con la divisi\u00f3n sexual del trabajo. Ellas est\u00e1n m\u00e1s expuestas al estar sobrerrepresentadas en los trabajos de primera l\u00ednea, tanto en el sector sanitario como en las ocupaciones consideradas esenciales durante la pandemia, y tambi\u00e9n han sido m\u00e1s golpeadas por la p\u00e9rdida de ingresos al ser mayor\u00eda en empleos informales y en peque\u00f1as empresas, las primeras en caer durante la crisis. Seg\u00fan las previsiones de la Cepal, la pandemia provocar\u00e1 una ca\u00edda del 9,1% del Producto Interior Bruto (PIB) regional y se perder\u00e1n 2,7 millones de peque\u00f1as y medianas empresas formales.<\/p>\n<p>\u201cM\u00e1s de la mitad de las mujeres est\u00e1n en sectores de alto riesgo de ser afectadas por la contracci\u00f3n econ\u00f3mica: comercio, hogares, manufacturas, turismo, servicios administrativos, actividades inmobiliarias y, desde luego, en el sector salud donde vemos que el 73% de los trabajadores son mujeres\u201d, afirm\u00f3 B\u00e1rcena. A ese c\u00f3ctel hay que a\u00f1adirle el aumento de carga de cuidados en los hogares que la Cepal define como \u201cun obst\u00e1culo para el logro de su autonom\u00eda\u201d, en una regi\u00f3n donde las mujeres dedican m\u00e1s del triple de tiempo al trabajo no remunerado que los hombres.<\/p>\n<p>Por eso, tanto la Cepal como ONU mujeres piden en el informe a los Gobiernos de la regi\u00f3n colocar los cuidados en el centro de sus respuestas a la pandemia para que ese trabajo se reconozca como clave, se redistribuya mejor entre g\u00e9neros y se reduzca la carga de labores no remuneradas. \u201cLa crisis de la covid- 19 debe transformarse en una oportunidad para fortalecer las pol\u00edticas de cuidados en la regi\u00f3n, desde un enfoque sist\u00e9mico e integral\u201d, afirm\u00f3 B\u00e1rcena.<\/p>\n<p>Por su parte, Mar\u00eda Noel Vaeza, directora para las Am\u00e9ricas de ONU Mujeres, defendi\u00f3 la inversi\u00f3n en pol\u00edticas de cuidados que afirm\u00f3, repercutir\u00eda en un triple beneficio para los pa\u00edses por su potencial de generar bienestar de los dependientes, crear empleo de calidad y aumentar la participaci\u00f3n de las mujeres en la fuerza de trabajo formal, con los correspondientes beneficios en forma de impuestos y cotizaciones. \u201cSi los Gobiernos no se toman en serio la necesidad de fortalecer sistemas de cuidados con corresponsabilidad, esta crisis puede dejar a muchas mujeres fuera de la econom\u00eda y sin poder ejercer sus derechos econ\u00f3micos y sociales\u201d, advirti\u00f3. Adem\u00e1s, Vaeza abog\u00f3 por la urgencia para \u201cromper ese c\u00edrculo vicioso entre cuidados, desigualdad, precariedad, exclusi\u00f3n y pobreza\u201d.<\/p>\n<p>En el foro, que se celebr\u00f3 a trav\u00e9s de la plataforma digital Zoom, participaron representantes de todos los pa\u00edses de la regi\u00f3n. La vicepresidenta costarricense, Epsy Campbell, abog\u00f3 en su turno por que se aprovechen los planes de recuperaci\u00f3n econ\u00f3mica de la crisis generada por el coronavirus para incluir los cuidados a los servicios sociales que ofrecen los estados y las empresas. \u201cNo hay que pensar que se le est\u00e1 brindando un servicio a las mujeres, se le est\u00e1 brindando un servicio a las personas que requieren cuidados\u201d como ni\u00f1os, ancianos o discapacitados, sostuvo.<\/p>\n","protected":false},"excerpt":{"rendered":"<p>En la presentaci\u00f3n de un informe sobre el rol de las cuidadoras durante la pandemia, la Cepal advirti\u00f3 de que la poblaci\u00f3n femenina va a ser afectada de forma desproporcionada &nbsp; &nbsp; La crisis econ\u00f3mica generada por la covid-19 se cebar\u00e1 con las mujeres, especialmente con las que tienen menos recursos, y dejar\u00e1 a 118 millones de latinoamericanas viviendo en la pobreza este 2020, un 22% m\u00e1s que el a\u00f1o anterior, seg\u00fan advirti\u00f3 este mi\u00e9rcoles la Comisi\u00f3n Econ\u00f3mica para Am\u00e9rica Latina y el Caribe (Cepal) en la presentaci\u00f3n de un&#8230;<\/p>\n","protected":false},"author":3,"featured_media":65788,"comment_status":"closed","ping_status":"closed","sticky":false,"template":"","format":"standard","meta":[],"categories":[4],"tags":[],"_links":{"self":[{"href":"https:\/\/www.actualidadadiario.com\/index.php\/wp-json\/wp\/v2\/posts\/65787"}],"collection":[{"href":"https:\/\/www.actualidadadiario.com\/index.php\/wp-json\/wp\/v2\/posts"}],"about":[{"href":"https:\/\/www.actualidadadiario.com\/index.php\/wp-json\/wp\/v2\/types\/post"}],"author":[{"embeddable":true,"href":"https:\/\/www.actualidadadiario.com\/index.php\/wp-json\/wp\/v2\/users\/3"}],"replies":[{"embeddable":true,"href":"https:\/\/www.actualidadadiario.com\/index.php\/wp-json\/wp\/v2\/comments?post=65787"}],"version-history":[{"count":1,"href":"https:\/\/www.actualidadadiario.com\/index.php\/wp-json\/wp\/v2\/posts\/65787\/revisions"}],"predecessor-version":[{"id":65789,"href":"https:\/\/www.actualidadadiario.com\/index.php\/wp-json\/wp\/v2\/posts\/65787\/revisions\/65789"}],"wp:featuredmedia":[{"embeddable":true,"href":"https:\/\/www.actualidadadiario.com\/index.php\/wp-json\/wp\/v2\/media\/65788"}],"wp:attachment":[{"href":"https:\/\/www.actualidadadiario.com\/index.php\/wp-json\/wp\/v2\/media?parent=65787"}],"wp:term":[{"taxonomy":"category","embeddable":true,"href":"https:\/\/www.actualidadadiario.com\/index.php\/wp-json\/wp\/v2\/categories?post=65787"},{"taxonomy":"post_tag","embeddable":true,"href":"https:\/\/www.actualidadadiario.com\/index.php\/wp-json\/wp\/v2\/tags?post=65787"}],"curies":[{"name":"wp","href":"https:\/\/api.w.org\/{rel}","templated":true}]}}