{"id":65784,"date":"2020-08-20T12:53:17","date_gmt":"2020-08-20T15:53:17","guid":{"rendered":"https:\/\/www.actualidadadiario.com\/?p=65784"},"modified":"2020-08-20T12:53:17","modified_gmt":"2020-08-20T15:53:17","slug":"crece-la-preocupacion-en-europa-por-los-rebrotes","status":"publish","type":"post","link":"https:\/\/www.actualidadadiario.com\/index.php\/2020\/08\/20\/crece-la-preocupacion-en-europa-por-los-rebrotes\/","title":{"rendered":"Crece la preocupaci\u00f3n en Europa por los rebrotes"},"content":{"rendered":"<p style=\"text-align: center;\"><em><strong>El aumento de casos en Alemania, el repunte en Francia y su nuevo avance en Espa\u00f1a desatan la alarma en Europa ante una nueva oleada de covid-19. Los gobiernos multiplican las restricciones y algunos pa\u00edses se plantean la aplicaci\u00f3n obligatoria o no de una futura vacuna<\/strong><\/em><\/p>\n<p>&nbsp;<\/p>\n<p>Europa suma m\u00e1s de 211.300 fallecidos desde el inicio de la pandemia y se teme que haya un rebrote peor en momentos en que est\u00e1n a punto de acabarse las vacaciones estivales.<\/p>\n<p>&nbsp;<\/p>\n<p><strong>Alemania<\/strong><\/p>\n<p>Alemania registr\u00f3 en las \u00faltimas 24 horas 1.707 nuevos infectados, el n\u00famero m\u00e1s alto desde abril, cuando ocurri\u00f3 el pico de la pandemia. El nuevo dato aument\u00f3 a m\u00e1s de 228 mil el n\u00famero casos en todo el pa\u00eds desde que se desat\u00f3 la enfermedad, y el gobierno de \u00c1ngela Merkel multiplic\u00f3 las advertencias a los alemanes que regresan al pa\u00eds luego de pasar las vacaciones en el extranjero.<\/p>\n<p>&#8220;Es una evoluci\u00f3n que no debe continuar y que debemos cortar&#8221;, dijo la canciller. Por esta raz\u00f3n, el gobierno alem\u00e1n declar\u00f3 como \u201czonas de riesgo\u201d a Espa\u00f1a y una parte de los Balcanes, destinos muy frecuentados por los turistas alemanes.<\/p>\n<p>&nbsp;<\/p>\n<p><strong>Espa\u00f1a<\/strong><\/p>\n<p>En tanto, en Espa\u00f1a el recuento de fallecidos semanales se duplic\u00f3 hasta llegar a 131 v\u00edctimas. La capital Madrid volvi\u00f3 a convertirse en foco de la epidemia con cifras que recuerdan a los peores d\u00edas de la crisis sanitaria. El Ministerio de Sanidad decret\u00f3 el cierre de discotecas y la prohibici\u00f3n de fumar en la calle si no se puede mantener una distancia obligatoria ni se cumple el uso de tapabocas.<\/p>\n<p>En ese pa\u00eds, el n\u00famero de contagiados tambi\u00e9n aument\u00f3 en casi 6.700 personas en las \u00faltimas 24 horas, hasta superar las 370.000 en total desde el inicio de la pandemia. Este dato lo ubica como el pa\u00eds de Europa occidental con m\u00e1s nuevos contagios.<\/p>\n<p>&nbsp;<\/p>\n<p><strong>Francia<\/strong><\/p>\n<p>En Francia, los contagios por covid-19 tambi\u00e9n se dispararon. En las \u00faltimas 24 horas hubo 3.700 nuevos casos, un aumento que no se produc\u00eda desde mayo. El gobierno ya impuso el uso de mascarillas en m\u00e1s zonas y un mayor n\u00famero de ciudades.<\/p>\n<p>&nbsp;<\/p>\n<p><strong>La vuelta a clases<\/strong><\/p>\n<p>En algunos pa\u00edses ven con preocupaci\u00f3n la prevista vuelta al colegio que debiera comenzar la semana pr\u00f3xima. En Madrid, por ejemplo, los sindicatos de educaci\u00f3n llamaron a una huelga al comienzo de la cursada por la &#8220;inacci\u00f3n&#8221; en la preparaci\u00f3n del regreso a las aulas.<\/p>\n<p>&nbsp;<\/p>\n<p><strong>M\u00e1s de 748 mil muertos en todo el mundo<\/strong><\/p>\n<p>Desde su aparici\u00f3n en China en diciembre \u00faltimo, el nuevo coronavirus provoc\u00f3 la muerte de m\u00e1s de 784 mil personas y contagiado a m\u00e1s de 22,3 millones en todo el mundo. En Am\u00e9rica Latina y el Caribe, Brasil, M\u00e9xico y Per\u00fa, en ese orden, son los m\u00e1s afectados. Colombia super\u00f3 el triste umbral de medio mill\u00f3n de contagios, cuando hace un mes eran poco m\u00e1s de 175 mil los infectados. En 24 horas, se registraron 13.056 nuevos contagios, un r\u00e9cord diario de infecciones.<\/p>\n","protected":false},"excerpt":{"rendered":"<p>El aumento de casos en Alemania, el repunte en Francia y su nuevo avance en Espa\u00f1a desatan la alarma en Europa ante una nueva oleada de covid-19. Los gobiernos multiplican las restricciones y algunos pa\u00edses se plantean la aplicaci\u00f3n obligatoria o no de una futura vacuna &nbsp; Europa suma m\u00e1s de 211.300 fallecidos desde el inicio de la pandemia y se teme que haya un rebrote peor en momentos en que est\u00e1n a punto de acabarse las vacaciones estivales. &nbsp; Alemania Alemania registr\u00f3 en las \u00faltimas 24 horas 1.707 nuevos&#8230;<\/p>\n","protected":false},"author":3,"featured_media":65785,"comment_status":"closed","ping_status":"closed","sticky":false,"template":"","format":"standard","meta":[],"categories":[4],"tags":[],"_links":{"self":[{"href":"https:\/\/www.actualidadadiario.com\/index.php\/wp-json\/wp\/v2\/posts\/65784"}],"collection":[{"href":"https:\/\/www.actualidadadiario.com\/index.php\/wp-json\/wp\/v2\/posts"}],"about":[{"href":"https:\/\/www.actualidadadiario.com\/index.php\/wp-json\/wp\/v2\/types\/post"}],"author":[{"embeddable":true,"href":"https:\/\/www.actualidadadiario.com\/index.php\/wp-json\/wp\/v2\/users\/3"}],"replies":[{"embeddable":true,"href":"https:\/\/www.actualidadadiario.com\/index.php\/wp-json\/wp\/v2\/comments?post=65784"}],"version-history":[{"count":1,"href":"https:\/\/www.actualidadadiario.com\/index.php\/wp-json\/wp\/v2\/posts\/65784\/revisions"}],"predecessor-version":[{"id":65786,"href":"https:\/\/www.actualidadadiario.com\/index.php\/wp-json\/wp\/v2\/posts\/65784\/revisions\/65786"}],"wp:featuredmedia":[{"embeddable":true,"href":"https:\/\/www.actualidadadiario.com\/index.php\/wp-json\/wp\/v2\/media\/65785"}],"wp:attachment":[{"href":"https:\/\/www.actualidadadiario.com\/index.php\/wp-json\/wp\/v2\/media?parent=65784"}],"wp:term":[{"taxonomy":"category","embeddable":true,"href":"https:\/\/www.actualidadadiario.com\/index.php\/wp-json\/wp\/v2\/categories?post=65784"},{"taxonomy":"post_tag","embeddable":true,"href":"https:\/\/www.actualidadadiario.com\/index.php\/wp-json\/wp\/v2\/tags?post=65784"}],"curies":[{"name":"wp","href":"https:\/\/api.w.org\/{rel}","templated":true}]}}