{"id":65781,"date":"2020-08-20T12:52:29","date_gmt":"2020-08-20T15:52:29","guid":{"rendered":"https:\/\/www.actualidadadiario.com\/?p=65781"},"modified":"2020-08-20T12:52:29","modified_gmt":"2020-08-20T15:52:29","slug":"brasil-ya-contabiliza-casi-35-millones-de-casos-y-totaliza-111-100-fallecidos","status":"publish","type":"post","link":"https:\/\/www.actualidadadiario.com\/index.php\/2020\/08\/20\/brasil-ya-contabiliza-casi-35-millones-de-casos-y-totaliza-111-100-fallecidos\/","title":{"rendered":"Brasil ya contabiliza casi 3,5 millones de casos y totaliza 111.100 fallecidos"},"content":{"rendered":"<p style=\"text-align: center;\"><em><strong>De acuerdo con el m\u00e1s reciente bolet\u00edn del Ministerio de Salud, en la \u00faltima jornada se reportaron 49.298 nuevos casos, con lo que el n\u00famero de infectados subi\u00f3 a los 3.456.652<\/strong><\/em><\/p>\n<p>&nbsp;<\/p>\n<p>&nbsp;<\/p>\n<p>Brasil, el segundo pa\u00eds con m\u00e1s casos de coronavirus en el mundo, solo detr\u00e1s de Estados Unidos y ambos con mandatarios que priorizan la econom\u00eda por encima de la salud, sum\u00f3 en las \u00faltimas 24 horas 1.212 muertos, con lo que ya totaliza 111.100 fallecidos, mientras que el n\u00famero de contagios confirmados sobrepas\u00f3 los 3,45 millones, inform\u00f3 esta noche el Gobierno.<\/p>\n<p>En la \u00faltima jornada se reportaron 49.298 nuevos casos, con lo que el n\u00famero de infectados subi\u00f3 a los 3.456.652. M\u00e1s 2.6 millones personas ya est\u00e1n recuperadas, unas 730.000 contin\u00faan bajo acompa\u00f1amiento m\u00e9dico y otras 3.173 est\u00e1n a\u00fan en investigaci\u00f3n, a\u00f1ade el informe oficial citado por medios locales y la agencia de noticias EFE.<\/p>\n<p>El gigante sudamericano mantiene desde fines de mayo una situaci\u00f3n relativamente estable pero con n\u00fameros &#8220;muy elevados&#8221;, de acuerdo con los expertos, ya que el promedio diario es de unos mil muertos y de m\u00e1s de 40.000 casos de infectados.<\/p>\n<p>La situaci\u00f3n es heterog\u00e9nea en una naci\u00f3n de m\u00e1s de 8,5 millones de kil\u00f3metros cuadrados y 210 millones de habitantes, donde predominan la variedad de condiciones clim\u00e1ticas, geogr\u00e1ficas y socioecon\u00f3micas.<\/p>\n<p>Mientras que en estados como R\u00edo de Janeiro, Cear\u00e1 o Par\u00e1 el n\u00famero de muertes y casos presenta ca\u00eddas o se mantiene estable, otros, como Minas Gerais y las regiones sur y centro-oeste, atraviesan un periodo de elevado crecimiento de las cifras.<\/p>\n<p>Asimismo, zonas que fueron muy golpeadas en el inicio de la pandemia, como Amazonas, han experimentado ahora un fuerte incremento.<\/p>\n<p>Esto llev\u00f3 a pensar en un rebrote de la enfermedad, pero las autoridades confirmaron que se debi\u00f3 a los cambios en la metodolog\u00eda de conteo por nuevas directrices implementadas por el Ministerio de Salud.<\/p>\n<p>De acuerdo con la cartera de Salud, Brasil, ya realiz\u00f3 m\u00e1s de 10 millones de ex\u00e1menes de Covid-19 en la red p\u00fablica y privada.<\/p>\n<p>Hasta el momento se han aprobado testeos de vacunas para la multinacional Johnson &amp;amp;amp; Johnson, el Reino Unido (AstraZeneca y Universidad de Oxford), China (Sinovac Biotech) y para el consorcio BioNTech (Alemania) y Wyeth\/Pfizer (Estados Unidos).<\/p>\n<p>Otros tratamientos est\u00e1n en la mira de algunas regiones del pa\u00eds, como la vacuna rusa, que quiere ser aplicada por el Gobierno de Paran\u00e1, y un coctel medicinal desarrollado por la farmac\u00e9utica Sorrento Tehrapeutics que pretende implementar la municipalidad de R\u00edo de Janeiro.<\/p>\n<p>Por otro lado, el aislamiento social por la pandemia cay\u00f3 al menor nivel en agosto desde el inicio de la crisis, con un aumento de una percepci\u00f3n de mejor\u00eda en la situaci\u00f3n sanitaria que no se refleja en el promedio diario de muerte y de casos, dice una encuesta de la firma Datafolha revelada hoy.<\/p>\n<p>El trabajo destaca que los que ganan m\u00e1s de 1.700 d\u00f3lares mensuales son los que menos respetan el aislamiento y quienes m\u00e1s se protegen son las mujeres, las clase m\u00e1s bajas y los mayores de 60 a\u00f1os.<\/p>\n<p>En agosto apenas el 8 % de la poblaci\u00f3n sigue a rajatabla un confinamiento estricto, mes en el que pr\u00e1cticamente todos los estados y las capitales reabrieron sus actividades, aunque no existe certidumbre sobre el regreso a clases en los estados m\u00e1s afectados, como San Pablo y R\u00edo de Janeiro.<\/p>\n","protected":false},"excerpt":{"rendered":"<p>De acuerdo con el m\u00e1s reciente bolet\u00edn del Ministerio de Salud, en la \u00faltima jornada se reportaron 49.298 nuevos casos, con lo que el n\u00famero de infectados subi\u00f3 a los 3.456.652 &nbsp; &nbsp; Brasil, el segundo pa\u00eds con m\u00e1s casos de coronavirus en el mundo, solo detr\u00e1s de Estados Unidos y ambos con mandatarios que priorizan la econom\u00eda por encima de la salud, sum\u00f3 en las \u00faltimas 24 horas 1.212 muertos, con lo que ya totaliza 111.100 fallecidos, mientras que el n\u00famero de contagios confirmados sobrepas\u00f3 los 3,45 millones, inform\u00f3&#8230;<\/p>\n","protected":false},"author":3,"featured_media":65782,"comment_status":"closed","ping_status":"closed","sticky":false,"template":"","format":"standard","meta":[],"categories":[4],"tags":[],"_links":{"self":[{"href":"https:\/\/www.actualidadadiario.com\/index.php\/wp-json\/wp\/v2\/posts\/65781"}],"collection":[{"href":"https:\/\/www.actualidadadiario.com\/index.php\/wp-json\/wp\/v2\/posts"}],"about":[{"href":"https:\/\/www.actualidadadiario.com\/index.php\/wp-json\/wp\/v2\/types\/post"}],"author":[{"embeddable":true,"href":"https:\/\/www.actualidadadiario.com\/index.php\/wp-json\/wp\/v2\/users\/3"}],"replies":[{"embeddable":true,"href":"https:\/\/www.actualidadadiario.com\/index.php\/wp-json\/wp\/v2\/comments?post=65781"}],"version-history":[{"count":1,"href":"https:\/\/www.actualidadadiario.com\/index.php\/wp-json\/wp\/v2\/posts\/65781\/revisions"}],"predecessor-version":[{"id":65783,"href":"https:\/\/www.actualidadadiario.com\/index.php\/wp-json\/wp\/v2\/posts\/65781\/revisions\/65783"}],"wp:featuredmedia":[{"embeddable":true,"href":"https:\/\/www.actualidadadiario.com\/index.php\/wp-json\/wp\/v2\/media\/65782"}],"wp:attachment":[{"href":"https:\/\/www.actualidadadiario.com\/index.php\/wp-json\/wp\/v2\/media?parent=65781"}],"wp:term":[{"taxonomy":"category","embeddable":true,"href":"https:\/\/www.actualidadadiario.com\/index.php\/wp-json\/wp\/v2\/categories?post=65781"},{"taxonomy":"post_tag","embeddable":true,"href":"https:\/\/www.actualidadadiario.com\/index.php\/wp-json\/wp\/v2\/tags?post=65781"}],"curies":[{"name":"wp","href":"https:\/\/api.w.org\/{rel}","templated":true}]}}