{"id":65776,"date":"2020-08-20T12:50:41","date_gmt":"2020-08-20T15:50:41","guid":{"rendered":"https:\/\/www.actualidadadiario.com\/?p=65776"},"modified":"2020-08-20T12:50:41","modified_gmt":"2020-08-20T15:50:41","slug":"el-gabinete-economico-disena-el-plan-de-60-medidas-para-la-post-pandemia","status":"publish","type":"post","link":"https:\/\/www.actualidadadiario.com\/index.php\/2020\/08\/20\/el-gabinete-economico-disena-el-plan-de-60-medidas-para-la-post-pandemia\/","title":{"rendered":"El gabinete econ\u00f3mico dise\u00f1a el plan de &#8220;60 medidas&#8221; para la post pandemia"},"content":{"rendered":"<p style=\"text-align: center;\"><em><strong>Una nueva cumbre esta tarde comenzar\u00e1 a definir las medidas econ\u00f3micas que lanzar\u00e1 el Gobierno para reactivar la econom\u00eda. Un paquete de proyectos ser\u00e1 anunciado en los pr\u00f3ximos d\u00edas<\/strong><\/em><\/p>\n<p>&nbsp;<\/p>\n<p>&nbsp;<\/p>\n<p>&nbsp;<\/p>\n<p>El Gobierno prepara un abanico de medidas econ\u00f3micas con el fin de reactivar el mercado interno, el consumo y la inversi\u00f3n. El equipo econ\u00f3mico lo define como el &#8220;plan de 60 medidas&#8221; para salir de la crisis.<\/p>\n<p>Por el feriado, la reuni\u00f3n del gabinete econ\u00f3mico en el que analizar\u00e1n parte de las medidas econ\u00f3mico se traslad\u00f3 para hoy a las 16 encabezada por Santiago Cafiero en la Casa Rosada.<\/p>\n<p>Como en cada encuentro semanal, participar\u00e1n la vice jefa de gabinete, Cecilia Todesca Bocco, los ministros de Econom\u00eda, Mart\u00edn Guzm\u00e1n; de Desarrollo Productivo, Mat\u00edas Kulfas, y de Trabajo, Claudio Moroni, adem\u00e1s de los titulares de la AFIP, Mercedes Marc\u00f3 del Pont; del Banco Central, Miguel Pesce, y de la ANSES, Fernanda Raverta.<\/p>\n<p>Los asesores del Presidente no s\u00f3lo discutir\u00e1n las alternativas futuras para iniciar una reactivaci\u00f3n sino tambi\u00e9n lo que incluir\u00e1 el Presupuesto 2021, en el que Alberto Fern\u00e1ndez asegur\u00f3 ayer que contiene &#8220;un plan&#8221; econ\u00f3mico.<\/p>\n<p>La presentaci\u00f3n del proyecto de leyes -prevista para mediados de septiembre- estar\u00e1 basado en el &#8220;desendeudamiento, acumular reservas, tener una moneda competitiva para favorecer la exportaci\u00f3n, tratar de equilibrar lo antes posible el desequilibrio fiscal y tener una balanza comercial positiva&#8221;. As\u00ed lo adelant\u00f3 ayer el jefe de Estado en una presentaci\u00f3n con gobernadores junto al ministro Guzm\u00e1n.<\/p>\n<p>Los detalles del plan econ\u00f3mico comenzaron a conocerse luego del acuerdo de reestructuraci\u00f3n de la deuda con los acreedores externos. La renegociaci\u00f3n, aplaudida por todos los sectores, permiti\u00f3 al Gobierno avanzar en un programa pensado para la post pandemia.<\/p>\n<p>Con el tema de la deuda despejado, los asesores econ\u00f3micos de Fern\u00e1ndez preparan un conjunto de medidas que apuntar a recuperar un modelo de producci\u00f3n,\u00a0 generar empleos, tener precios competitivos y mover el mercado interno.<\/p>\n<p>M\u00e1s all\u00e1 de las 60 medidas econ\u00f3micas y el Presupuesto 2021, el gabinete seguir\u00e1 delineado el alcance de los programas implementados durante la pandemia como el IFE y el ATP. El gobierno confirm\u00f3 que la ayuda a las empresas en crisis continuar\u00e1 en los sectores afectados hasta fin de a\u00f1o. En cuanto al Ingreso Familiar de Emergencia, se garantiz\u00f3 el pago de una cuarta etapa aunque todav\u00eda no est\u00e1 resuelta la modalidad.<\/p>\n<p>El plan de 60 medidas estar\u00e1 enfocado en la agenda post pandemia que quiere impulsar el Presidente, pero que a\u00fan no se sabe cu\u00e1ndo ser\u00e1n anunciadas. Para ello, se armaron meses de gabinetes tem\u00e1ticos para ir definiendo las prioridades seg\u00fan el mapa de situaci\u00f3n por sectores.<\/p>\n","protected":false},"excerpt":{"rendered":"<p>Una nueva cumbre esta tarde comenzar\u00e1 a definir las medidas econ\u00f3micas que lanzar\u00e1 el Gobierno para reactivar la econom\u00eda. Un paquete de proyectos ser\u00e1 anunciado en los pr\u00f3ximos d\u00edas &nbsp; &nbsp; &nbsp; El Gobierno prepara un abanico de medidas econ\u00f3micas con el fin de reactivar el mercado interno, el consumo y la inversi\u00f3n. El equipo econ\u00f3mico lo define como el &#8220;plan de 60 medidas&#8221; para salir de la crisis. Por el feriado, la reuni\u00f3n del gabinete econ\u00f3mico en el que analizar\u00e1n parte de las medidas econ\u00f3mico se traslad\u00f3 para hoy&#8230;<\/p>\n","protected":false},"author":3,"featured_media":65561,"comment_status":"closed","ping_status":"closed","sticky":false,"template":"","format":"standard","meta":[],"categories":[18],"tags":[],"_links":{"self":[{"href":"https:\/\/www.actualidadadiario.com\/index.php\/wp-json\/wp\/v2\/posts\/65776"}],"collection":[{"href":"https:\/\/www.actualidadadiario.com\/index.php\/wp-json\/wp\/v2\/posts"}],"about":[{"href":"https:\/\/www.actualidadadiario.com\/index.php\/wp-json\/wp\/v2\/types\/post"}],"author":[{"embeddable":true,"href":"https:\/\/www.actualidadadiario.com\/index.php\/wp-json\/wp\/v2\/users\/3"}],"replies":[{"embeddable":true,"href":"https:\/\/www.actualidadadiario.com\/index.php\/wp-json\/wp\/v2\/comments?post=65776"}],"version-history":[{"count":1,"href":"https:\/\/www.actualidadadiario.com\/index.php\/wp-json\/wp\/v2\/posts\/65776\/revisions"}],"predecessor-version":[{"id":65777,"href":"https:\/\/www.actualidadadiario.com\/index.php\/wp-json\/wp\/v2\/posts\/65776\/revisions\/65777"}],"wp:featuredmedia":[{"embeddable":true,"href":"https:\/\/www.actualidadadiario.com\/index.php\/wp-json\/wp\/v2\/media\/65561"}],"wp:attachment":[{"href":"https:\/\/www.actualidadadiario.com\/index.php\/wp-json\/wp\/v2\/media?parent=65776"}],"wp:term":[{"taxonomy":"category","embeddable":true,"href":"https:\/\/www.actualidadadiario.com\/index.php\/wp-json\/wp\/v2\/categories?post=65776"},{"taxonomy":"post_tag","embeddable":true,"href":"https:\/\/www.actualidadadiario.com\/index.php\/wp-json\/wp\/v2\/tags?post=65776"}],"curies":[{"name":"wp","href":"https:\/\/api.w.org\/{rel}","templated":true}]}}