{"id":65774,"date":"2020-08-20T12:49:55","date_gmt":"2020-08-20T15:49:55","guid":{"rendered":"https:\/\/www.actualidadadiario.com\/?p=65774"},"modified":"2020-08-20T12:49:55","modified_gmt":"2020-08-20T15:49:55","slug":"alberto-mantendra-videoconferencia-con-el-laboratorio-que-desarrollara-vacuna","status":"publish","type":"post","link":"https:\/\/www.actualidadadiario.com\/index.php\/2020\/08\/20\/alberto-mantendra-videoconferencia-con-el-laboratorio-que-desarrollara-vacuna\/","title":{"rendered":"Alberto mantendr\u00e1 videoconferencia con el laboratorio que desarrollar\u00e1 vacuna"},"content":{"rendered":"<p style=\"text-align: center;\"><em><strong>El mandatario se comunicar\u00e1, a partir de las 11.30, con el CEO global de AstraZeneca, Pascal Soriot, quien est\u00e1 al mando de la compa\u00f1\u00eda sueco-inglesa encargada de desarrollar en el pa\u00eds el principio activo de la vacuna contra el virus<\/strong><\/em><\/p>\n<p>&nbsp;<\/p>\n<p>&nbsp;<\/p>\n<p>El presidente Alberto Fern\u00e1ndez mantendr\u00e1 hoy una videoconferencia con el laboratorio AstraZeneca, que desarrollar\u00e1 en Argentina la vacuna contra el coronavirus, y participar\u00e1, bajo la misma modalidad, del Congreso Nacional de la Federaci\u00f3n de Asociaciones de Trabajadores de la Sanidad Argentina.<\/p>\n<p>Seg\u00fan se inform\u00f3 oficialmente, el mandatario se comunicar\u00e1, a partir de las 11.30, con el CEO global de AstraZeneca, Pascal Soriot, quien est\u00e1 al mando de la compa\u00f1\u00eda sueco-inglesa encargada de desarrollar en el pa\u00eds el principio activo de la vacuna contra el virus SARS-CoV-2 que investiga la Universidad de Oxford.<\/p>\n<p>Media hora m\u00e1s tarde, Fern\u00e1ndez recibir\u00e1 en la residencia de Olivos a directivos de la automotriz Nissan y mantendr\u00e1 una videoconferencia con el chairman de Nissan Latam, Guy Rodr\u00edguez, seg\u00fan inform\u00f3 Presidencia.<\/p>\n<p>A las 14, en tanto, el Presidente participar\u00e1 por videoconferencia del Congreso Nacional de la Federaci\u00f3n de Asociaciones de Trabajadores de la Sanidad Argentina.<\/p>\n","protected":false},"excerpt":{"rendered":"<p>El mandatario se comunicar\u00e1, a partir de las 11.30, con el CEO global de AstraZeneca, Pascal Soriot, quien est\u00e1 al mando de la compa\u00f1\u00eda sueco-inglesa encargada de desarrollar en el pa\u00eds el principio activo de la vacuna contra el virus &nbsp; &nbsp; El presidente Alberto Fern\u00e1ndez mantendr\u00e1 hoy una videoconferencia con el laboratorio AstraZeneca, que desarrollar\u00e1 en Argentina la vacuna contra el coronavirus, y participar\u00e1, bajo la misma modalidad, del Congreso Nacional de la Federaci\u00f3n de Asociaciones de Trabajadores de la Sanidad Argentina. Seg\u00fan se inform\u00f3 oficialmente, el mandatario se&#8230;<\/p>\n","protected":false},"author":3,"featured_media":64744,"comment_status":"closed","ping_status":"closed","sticky":false,"template":"","format":"standard","meta":[],"categories":[18],"tags":[],"_links":{"self":[{"href":"https:\/\/www.actualidadadiario.com\/index.php\/wp-json\/wp\/v2\/posts\/65774"}],"collection":[{"href":"https:\/\/www.actualidadadiario.com\/index.php\/wp-json\/wp\/v2\/posts"}],"about":[{"href":"https:\/\/www.actualidadadiario.com\/index.php\/wp-json\/wp\/v2\/types\/post"}],"author":[{"embeddable":true,"href":"https:\/\/www.actualidadadiario.com\/index.php\/wp-json\/wp\/v2\/users\/3"}],"replies":[{"embeddable":true,"href":"https:\/\/www.actualidadadiario.com\/index.php\/wp-json\/wp\/v2\/comments?post=65774"}],"version-history":[{"count":1,"href":"https:\/\/www.actualidadadiario.com\/index.php\/wp-json\/wp\/v2\/posts\/65774\/revisions"}],"predecessor-version":[{"id":65775,"href":"https:\/\/www.actualidadadiario.com\/index.php\/wp-json\/wp\/v2\/posts\/65774\/revisions\/65775"}],"wp:featuredmedia":[{"embeddable":true,"href":"https:\/\/www.actualidadadiario.com\/index.php\/wp-json\/wp\/v2\/media\/64744"}],"wp:attachment":[{"href":"https:\/\/www.actualidadadiario.com\/index.php\/wp-json\/wp\/v2\/media?parent=65774"}],"wp:term":[{"taxonomy":"category","embeddable":true,"href":"https:\/\/www.actualidadadiario.com\/index.php\/wp-json\/wp\/v2\/categories?post=65774"},{"taxonomy":"post_tag","embeddable":true,"href":"https:\/\/www.actualidadadiario.com\/index.php\/wp-json\/wp\/v2\/tags?post=65774"}],"curies":[{"name":"wp","href":"https:\/\/api.w.org\/{rel}","templated":true}]}}