{"id":65771,"date":"2020-08-20T12:48:25","date_gmt":"2020-08-20T15:48:25","guid":{"rendered":"https:\/\/www.actualidadadiario.com\/?p=65771"},"modified":"2020-08-20T12:48:25","modified_gmt":"2020-08-20T15:48:25","slug":"vizzotti-sobre-rubinstein-no-se-si-es-desconocimiento-o-falta-a-la-verdad","status":"publish","type":"post","link":"https:\/\/www.actualidadadiario.com\/index.php\/2020\/08\/20\/vizzotti-sobre-rubinstein-no-se-si-es-desconocimiento-o-falta-a-la-verdad\/","title":{"rendered":"Vizzotti, sobre Rubinstein: &#8220;No s\u00e9 si es desconocimiento o falta a la verdad&#8221;"},"content":{"rendered":"<p style=\"text-align: center;\"><em><strong>Luego del hallazgo de un lote de vacunas compradas durante el gobierno de Mauricio Macri que se vencieron por no haber sido repartidas, Carla Vizzotti, secretaria de Acceso a la Salud, le respondi\u00f3 al ministro de Salud de ese entonces, Adolfo Rubinstein, al se\u00f1alar que es &#8220;bastante notable&#8221; su postura de &#8220;no hacerse cargo de nada&#8221;<\/strong><\/em><\/p>\n<p>&nbsp;<\/p>\n<p>Ayer, Gin\u00e9s Gonz\u00e1lez Garc\u00eda, actual titular de la cartera sanitaria, denunci\u00f3 que encontraron cuatro millones de vacunas vencidas que estaban depositadas en un frigor\u00edfico, de lo cual se enteraron cuando les lleg\u00f3 la factura por el almacenaje en el lugar, ya que no hab\u00eda registro alguno de ello, seg\u00fan asegur\u00f3.<\/p>\n<p>Ante esto, Rubinstein respondi\u00f3 que &#8220;no es bueno este pase de facturas que estamos viviendo&#8221; y se deslig\u00f3 de la responsabilidad al afirmar que en el momento de la compra \u00e9l &#8220;no estaba en la gesti\u00f3n&#8221; del ministerio. Adem\u00e1s, sugiri\u00f3 que &#8220;siempre es mejor equivocarse y que sobren&#8221;.<\/p>\n<p>&#8220;No s\u00e9 si es desconocimiento o falta a la verdad&#8221; sostuvo Vizzotti sobre el anterior titular del ministerio devenido en secretar\u00eda durante el macrismo, quien asegur\u00f3 conocer la existencia de esas dosis.<\/p>\n<p>La funcionaria indic\u00f3 que &#8220;hay 2,2 millones de vacuna antigripal que se compraron en 2017 para 2018 que no se utilizaron, se compraron m\u00e1s de lo habitual, y est\u00e1n almacenadas, pagando el estibaje, desde ese momento&#8221; y agreg\u00f3 que &#8220;un embarque entero de triple bacteriana acelular ingres\u00f3 a Aduana a fines de 2017, estuvieron en Aduana 7 meses, y nunca m\u00e1s se toc\u00f3 ni se hizo ninguna gesti\u00f3n&#8221;.<\/p>\n<p>&#8220;Salieron de la Aduana y nadie las toc\u00f3 hasta que se vencieron&#8221; en un momento en que se distribuy\u00f3 &#8220;el 65% de lo planificado&#8221; y eso &#8220;es 100%&#8221; de la gesti\u00f3n de Rubinstein &#8220;y si \u00e9l no estaba al tanto, es preocupante&#8221;, lanz\u00f3 la secretaria, en di\u00e1logo con Radio Nacional. En total, ya son 12 millones las vacunas vencidas compradas durante la gesti\u00f3n de Juntos por el Cambio que encontr\u00f3 el gobierno del Frente de Todos.<\/p>\n<p>En este marco, la secretaria de Acceso a la Salud critic\u00f3 la pol\u00edtica de salud del gobierno de Macri: desde su perspectiva, hubo una &#8220;desconexi\u00f3n total de la pol\u00edtica federal, de la articulaci\u00f3n con las jurisdicciones, un retiro del Estado, hemos visto el a\u00f1o pasado un preocupante descenso, fuera de la pandemia, de las coberturas de vacunaci\u00f3n&#8221;.<\/p>\n<p>Para ella, en esa gesti\u00f3n &#8220;la salud no ha sido priorizada, m\u00e1s all\u00e1 del nombre de Secretar\u00eda o Ministerio, no se le asign\u00f3 presupuesto&#8221;.<\/p>\n<p>Rubinstein hab\u00eda se\u00f1alado ayer que &#8220;no es un hallazgo, hay un expediente de mayo de 2019 donde est\u00e1 relevado todo esto, es informaci\u00f3n p\u00fablica, hay un expediente electr\u00f3nico&#8221;. &#8220;Obvio que lo conoc\u00eda, esta partida ya se sab\u00eda que hab\u00eda que destruirla&#8221;, pero dijo que &#8220;toma tiempo, es un residuo patol\u00f3gico, no la hace el ministerio de Salud&#8221; la destrucci\u00f3n.<\/p>\n<p>El exfuncionario dijo que &#8220;2,2 millones (de vacunas) son de la campa\u00f1a antigripal de 2016, una temporada muy dif\u00edcil de gripe, de las m\u00e1s duras en d\u00e9cadas&#8221;, en la que &#8220;se hizo una compra anticipada para satisfacer el incremento de la demanda&#8221;. Para Rubinstein, &#8220;no va a ser la primera vez que se destruyen vacunas, esto a veces pasa porque lo que uno trata de privilegiar es que no falten vacunas&#8221;.<\/p>\n","protected":false},"excerpt":{"rendered":"<p>Luego del hallazgo de un lote de vacunas compradas durante el gobierno de Mauricio Macri que se vencieron por no haber sido repartidas, Carla Vizzotti, secretaria de Acceso a la Salud, le respondi\u00f3 al ministro de Salud de ese entonces, Adolfo Rubinstein, al se\u00f1alar que es &#8220;bastante notable&#8221; su postura de &#8220;no hacerse cargo de nada&#8221; &nbsp; Ayer, Gin\u00e9s Gonz\u00e1lez Garc\u00eda, actual titular de la cartera sanitaria, denunci\u00f3 que encontraron cuatro millones de vacunas vencidas que estaban depositadas en un frigor\u00edfico, de lo cual se enteraron cuando les lleg\u00f3 la&#8230;<\/p>\n","protected":false},"author":3,"featured_media":65772,"comment_status":"closed","ping_status":"closed","sticky":false,"template":"","format":"standard","meta":[],"categories":[18],"tags":[],"_links":{"self":[{"href":"https:\/\/www.actualidadadiario.com\/index.php\/wp-json\/wp\/v2\/posts\/65771"}],"collection":[{"href":"https:\/\/www.actualidadadiario.com\/index.php\/wp-json\/wp\/v2\/posts"}],"about":[{"href":"https:\/\/www.actualidadadiario.com\/index.php\/wp-json\/wp\/v2\/types\/post"}],"author":[{"embeddable":true,"href":"https:\/\/www.actualidadadiario.com\/index.php\/wp-json\/wp\/v2\/users\/3"}],"replies":[{"embeddable":true,"href":"https:\/\/www.actualidadadiario.com\/index.php\/wp-json\/wp\/v2\/comments?post=65771"}],"version-history":[{"count":1,"href":"https:\/\/www.actualidadadiario.com\/index.php\/wp-json\/wp\/v2\/posts\/65771\/revisions"}],"predecessor-version":[{"id":65773,"href":"https:\/\/www.actualidadadiario.com\/index.php\/wp-json\/wp\/v2\/posts\/65771\/revisions\/65773"}],"wp:featuredmedia":[{"embeddable":true,"href":"https:\/\/www.actualidadadiario.com\/index.php\/wp-json\/wp\/v2\/media\/65772"}],"wp:attachment":[{"href":"https:\/\/www.actualidadadiario.com\/index.php\/wp-json\/wp\/v2\/media?parent=65771"}],"wp:term":[{"taxonomy":"category","embeddable":true,"href":"https:\/\/www.actualidadadiario.com\/index.php\/wp-json\/wp\/v2\/categories?post=65771"},{"taxonomy":"post_tag","embeddable":true,"href":"https:\/\/www.actualidadadiario.com\/index.php\/wp-json\/wp\/v2\/tags?post=65771"}],"curies":[{"name":"wp","href":"https:\/\/api.w.org\/{rel}","templated":true}]}}