{"id":65768,"date":"2020-08-20T12:47:39","date_gmt":"2020-08-20T15:47:39","guid":{"rendered":"https:\/\/www.actualidadadiario.com\/?p=65768"},"modified":"2020-08-20T12:47:39","modified_gmt":"2020-08-20T15:47:39","slug":"el-mensaje-de-carrio-al-macrismo-en-la-interna-de-cambiemos","status":"publish","type":"post","link":"https:\/\/www.actualidadadiario.com\/index.php\/2020\/08\/20\/el-mensaje-de-carrio-al-macrismo-en-la-interna-de-cambiemos\/","title":{"rendered":"El mensaje de Carri\u00f3 al macrismo en la interna de Cambiemos"},"content":{"rendered":"<p style=\"text-align: center;\"><em><strong>&#8220;Los actos del pueblo son del pueblo y nadie debe arrogarse o sacar ventajas de la movilizaci\u00f3n&#8221;, dijo la exdiputada sobre la marcha del lunes<\/strong><\/em><\/p>\n<p>&nbsp;<\/p>\n<p>&nbsp;<\/p>\n<p>&#8220;Los actos del pueblo son del pueblo y nadie debe arrogarse o sacar ventajas de la movilizaci\u00f3n&#8221;. Sin hacer menci\u00f3n directa, Elisa Carri\u00f3, socia fundadora de Cambiemos, lanz\u00f3 un mensaje al macrismo en el marco de la interna de Juntos por el Cambio, que levant\u00f3 temperatura tras la movilizaci\u00f3n contra el Gobierno el pasado lunes.<\/p>\n<p>En un mensaje en la red social Twitter, Carri\u00f3 dispar\u00f3 contra los que intentan capitalizar pol\u00edticamente la marcha. Entre quienes convocaron y estuvieron en la movilizaci\u00f3n estuvieron Patricia Bullrich y Hern\u00e1n Lombardi, dos de los exfuncionarios m\u00e1s fieles a la conducci\u00f3n de Mauricio Macri.<\/p>\n<p>Justamente, Macri aval\u00f3 la movilizaci\u00f3n desde Europa. &#8220;Orgulloso de los miles de argentinos que salieron ayer para decirle basta al miedo y al atropello, y s\u00ed al trabajo, al respeto y a la libertad&#8221;, public\u00f3 en su cuenta de Twitter.<\/p>\n<p>El mensaje de Mauricio Macri desde Zurich sobre la marcha anticuarentena con epicentro en la Ciudad Aut\u00f3noma de Buenos Aires impact\u00f3 tambi\u00e9n en las oficinas del gobierno porte\u00f1o en la calle Uspallata. La inclusi\u00f3n de la palabra \u201clibertad\u201d fue interpretada cerca de Horacio Rodr\u00edguez Larreta como \u201cfuego amigo\u201d desde Suiza, un intento de diferenciaci\u00f3n del ex presidente en relaci\u00f3n a la tregua que el jefe de gobierno porte\u00f1o sostiene con Alberto Fern\u00e1ndez y Axel Kicillof para consensuar cada nueva pr\u00f3rroga de la cuarentena en el marco de la pandemia.<\/p>\n<p>La diferencia de estilos, y hasta de visi\u00f3n pol\u00edtica, llevaron a incluso al sector de \u201cpalomas\u201d representadas por los dialoguistas Mar\u00eda Eugenia Vidal, Rogelio Frigerio y Emilio Monz\u00f3, entre otros, a contemplar la posibilidad de competir con listas propias contra el macrismo de paladar negro en las PASO del pr\u00f3ximo a\u00f1o. Despu\u00e9s de la manifestaci\u00f3n convocada por la presidente del PRO, Patricia Bullrich, por Marcos Pe\u00f1a y Hern\u00e1n Lombardi, en medio del pico de contagios y riesgo de colapso del sistema sanitario por el coronavirus, se aceleraron los contactos para comenzar a trabajar en una apertura de Juntos por el Cambio que se desmarque de los \u201chalcones\u201d.<\/p>\n<p>\u201cMacri como producto electoral est\u00e1 terminado. Hoy registra 51% de imagen negativa y apenas 29% de positiva. As\u00f3 no tiene forma de ser candidato ni encabezar una boleta el a\u00f1o pr\u00f3ximo\u201d, eval\u00faa un ex funcionario de Cambiemos que ocup\u00f3 despacho en la Rosada hasta diciembre del a\u00f1o pasado. Sin embargo, y en caso de que el ex presidente apueste a una candidatura a diputado nacional por la Capital Federal para obtener fueros, el ala moderada de Juntos por el Cambio est\u00e1 dispuesta a librar la batalla con una lista alternativa que le compita en las PASO. En esa primaria, donde el ex Presidente podr\u00eda impulsar a Elisa Carri\u00f3 en la provincia de Buenos Aires, las \u201cpalomas\u201d de JxC apuestan a conformar una boleta encabezada por Vidal y Monz\u00f3.<\/p>\n<p>Una encuesta de la consultora \u201cMarketing y Estad\u00edstica\u201d arroj\u00f3 esta semana datos auspiciosos sobre la penetraci\u00f3n de la figura de Larreta en la provincia de Buenos Aires a partir de la nacionalizaci\u00f3n de su imagen en el marco de la pandemia. En ese distrito se ven\u00eda expandiendo, antes del coronavirus, Diego Santilli junto a otro lote de peronistas vidalistas como Cristian Ritondo, jefe del bloque PRO en Diputados. Ritondo en uno de los principales articuladores pol\u00edticos con el Frente de Todos a trav\u00e9s de Sergio Massa y M\u00e1ximo Kirchner, animando la interna del bloque opositor con el radical Mario Negri. El legislador cordob\u00e9s, soldado de Macri hasta 2019, celebr\u00f3 un zoom junto a Ricardo L\u00f3pez Murphy y eval\u00faa ahora ser candidato a senador nacional por C\u00f3rdoba como parte de la oposici\u00f3n dura a la Casa Rosada.<\/p>\n<p>El mensaje de Twitter emitido por Macri desde Zurich fue interpretado en el seno de Juntos por el Cambio como una demarcaci\u00f3n de l\u00edmites y demostraci\u00f3n de fuerza propia dirigido a Larreta. &#8220;Orgulloso de los miles de argentinos que salieron ayer para decirle basta al miedo y al atropello, y s\u00ed al trabajo, al respeto y a la libertad&#8221;, poste\u00f3 el ex presidente. La alusi\u00f3n a la \u201clibertad\u201d en medio del aislamiento social preventivo y obligatorio vigente en la Ciudad de Buenos Aires fue le\u00edda como un reproche a la decisi\u00f3n administrativa del jefe de gobierno porte\u00f1o de alinear el confinamiento con las pol\u00edticas sanitarias de la Naci\u00f3n y la provincia de Buenos Aires.<\/p>\n<p>Pero el \u201cfuego amigo\u201d de Macri desde Europa no s\u00f3lo afecta a Larreta. El radical Gerardo Morales tiene a Jujuy al borde del colapso sanitario. El gobernador norte\u00f1o sostuvo en relaci\u00f3n al viaje del ex presidente que &#8220;cada uno toma las decisiones que toma, pero me parece que el pa\u00eds est\u00e1 atravesando una situaci\u00f3n muy dif\u00edcil y hay que estar&#8221;. Otros dirigentes opositores minimizaron sin embargo el rol de Macri. &#8220;La cr\u00edtica que recibi\u00f3 es que es el l\u00edder de la oposici\u00f3n y se fue. Yo no estoy seguro de que \u00e9l quiera ser l\u00edder de la oposici\u00f3n&#8221;, plante\u00f3 Mart\u00edn Yeza, intendente de Pinamar de Juntos por el Cambio. El mismo planteo ya lo hab\u00edan hecho, de diferentes modos, el jefe de la UCR, Alfredo Cornejo.<\/p>\n","protected":false},"excerpt":{"rendered":"<p>&#8220;Los actos del pueblo son del pueblo y nadie debe arrogarse o sacar ventajas de la movilizaci\u00f3n&#8221;, dijo la exdiputada sobre la marcha del lunes &nbsp; &nbsp; &#8220;Los actos del pueblo son del pueblo y nadie debe arrogarse o sacar ventajas de la movilizaci\u00f3n&#8221;. Sin hacer menci\u00f3n directa, Elisa Carri\u00f3, socia fundadora de Cambiemos, lanz\u00f3 un mensaje al macrismo en el marco de la interna de Juntos por el Cambio, que levant\u00f3 temperatura tras la movilizaci\u00f3n contra el Gobierno el pasado lunes. En un mensaje en la red social Twitter,&#8230;<\/p>\n","protected":false},"author":3,"featured_media":65769,"comment_status":"closed","ping_status":"closed","sticky":false,"template":"","format":"standard","meta":[],"categories":[18],"tags":[],"_links":{"self":[{"href":"https:\/\/www.actualidadadiario.com\/index.php\/wp-json\/wp\/v2\/posts\/65768"}],"collection":[{"href":"https:\/\/www.actualidadadiario.com\/index.php\/wp-json\/wp\/v2\/posts"}],"about":[{"href":"https:\/\/www.actualidadadiario.com\/index.php\/wp-json\/wp\/v2\/types\/post"}],"author":[{"embeddable":true,"href":"https:\/\/www.actualidadadiario.com\/index.php\/wp-json\/wp\/v2\/users\/3"}],"replies":[{"embeddable":true,"href":"https:\/\/www.actualidadadiario.com\/index.php\/wp-json\/wp\/v2\/comments?post=65768"}],"version-history":[{"count":1,"href":"https:\/\/www.actualidadadiario.com\/index.php\/wp-json\/wp\/v2\/posts\/65768\/revisions"}],"predecessor-version":[{"id":65770,"href":"https:\/\/www.actualidadadiario.com\/index.php\/wp-json\/wp\/v2\/posts\/65768\/revisions\/65770"}],"wp:featuredmedia":[{"embeddable":true,"href":"https:\/\/www.actualidadadiario.com\/index.php\/wp-json\/wp\/v2\/media\/65769"}],"wp:attachment":[{"href":"https:\/\/www.actualidadadiario.com\/index.php\/wp-json\/wp\/v2\/media?parent=65768"}],"wp:term":[{"taxonomy":"category","embeddable":true,"href":"https:\/\/www.actualidadadiario.com\/index.php\/wp-json\/wp\/v2\/categories?post=65768"},{"taxonomy":"post_tag","embeddable":true,"href":"https:\/\/www.actualidadadiario.com\/index.php\/wp-json\/wp\/v2\/tags?post=65768"}],"curies":[{"name":"wp","href":"https:\/\/api.w.org\/{rel}","templated":true}]}}