{"id":65729,"date":"2020-08-20T12:34:50","date_gmt":"2020-08-20T15:34:50","guid":{"rendered":"https:\/\/www.actualidadadiario.com\/?p=65729"},"modified":"2020-08-20T12:34:50","modified_gmt":"2020-08-20T15:34:50","slug":"la-municipalidad-de-concordia-habilito-el-funcionamiento-del-ex-frigorifico-yuqueri","status":"publish","type":"post","link":"https:\/\/www.actualidadadiario.com\/index.php\/2020\/08\/20\/la-municipalidad-de-concordia-habilito-el-funcionamiento-del-ex-frigorifico-yuqueri\/","title":{"rendered":"La Municipalidad de Concordia habilit\u00f3 el funcionamiento del ex-frigor\u00edfico Yuquer\u00ed"},"content":{"rendered":"<p style=\"text-align: center;\"><em><strong>El intendente Alfredo Francolini y el secretario de Coordinaci\u00f3n de Gesti\u00f3n, Fernando Barboza, se reunieron con los representantes de la firma Compa\u00f1\u00eda Central Pampeana SA, a quienes le hicieron entrega de la documentaci\u00f3n habilitando el funcionamiento del ex Frigor\u00edfico Yuquer\u00ed \u00b7 &#8220;En un plazo de 60 a 90 d\u00edas estaremos funcionando&#8221;, anunciaron desde la empresa<\/strong><\/em><\/p>\n<p>&nbsp;<\/p>\n<p>&nbsp;<\/p>\n<p>&#8220;Hemos tenido una reuni\u00f3n muy positiva con el Intendente y su equipo, nos ayudaron a avanzar en las gestiones y los tr\u00e1mites, y en cuestiones administrativas t\u00e9cnicas que nosotros no conocemos. Desde el principio hubo una muy buena predisposici\u00f3n, y es algo importante para poner en marcha el frigor\u00edfico&#8221;, se\u00f1al\u00f3 Fernando Bengolea, representante de Compa\u00f1\u00eda Central Pampeana S.A., empresa de capitales chinos y argentinos que comenzar\u00e1 a operar la planta de ex Frigor\u00edfico Yuquer\u00ed<\/p>\n<p>&nbsp;<\/p>\n<p><strong>Importante para el desarrollo regional<\/strong><\/p>\n<p>En la reuni\u00f3n, el Presidente Municipal hizo entrega a los empresarios la habilitaci\u00f3n municipal, que les permite culminar los tr\u00e1mites en los organismos nacionales, para as\u00ed volver a reactivar el frigor\u00edfico, una empresa muy significativa para la historia de Concordia. Durante este tiempo en el que fueron poniendo en condiciones las instalaciones y avanzando en las respectivas habilitaciones, &#8220;vimos la importancia que tiene el Frigor\u00edfico para Concordia. No te encontr\u00e1s con nadie que no tenga alg\u00fan v\u00ednculo, porque su abuelo o su t\u00edo trabajaron, o alguna relaci\u00f3n han tenido. Realmente es un emblema para la ciudad&#8221;, dijo Bengolea.<\/p>\n<p>&#8220;Estamos ultimando detalles, le hicimos entrega de la habilitaci\u00f3n, ellos necesitan la presencia de t\u00e9cnicos que van a terminar de instalar todo el equipamiento, y es una noticia muy importante para la ciudad&#8221;, subray\u00f3 el titular de la cartera de gobierno del Municipio, Fernando Barboza. &#8220;En el marco de las pol\u00edticas para la post-pandemia que impulsa el intendente Alfredo Francolini, la reactivaci\u00f3n del Frigor\u00edfico va a ser sin dudas relevante para el desarrollo econ\u00f3mico de la regi\u00f3n&#8221;, sostuvo.<\/p>\n<p>&#8220;Este es un proyecto que Enrique Cresto en su primera gesti\u00f3n como Intendente acompa\u00f1\u00f3 y apoy\u00f3 mucho, comenzaron entonces las primeras gestiones. Y que el intendente Francolini continu\u00f3 con la clara decisi\u00f3n de apuntalar el desarrollo y el futuro de Concordia, con todo lo que representa esta empresa para nuestra historia&#8221;, afirm\u00f3 Barboza.<\/p>\n<p>&nbsp;<\/p>\n<p><strong>60 a 90 d\u00edas<\/strong><\/p>\n<p>Por su parte, Dolores Rivera, integrante de la empresa, observ\u00f3 que &#8220;culminados estos tr\u00e1mites de habilitaci\u00f3n que estamos finalizando tanto en la Municipalidad, como en la Provincia, el Sedronar y Senasa, calculamos que en aproximadamente 60 a 90 d\u00edas ya estar\u00e1 funcionando esta parte del Frigor\u00edfico&#8221;, quien destac\u00f3 la colaboraci\u00f3n &#8220;del Intendente y de todas las \u00e1reas de la Municipalidad, que se acercaron a la Planta y colaboraron con las distintas gestiones para avanzar y que podamos poder poner en marcha la Planta&#8221;.<\/p>\n<p>&#8220;Nosotros vamos a poner en marcha en una primera etapa un sector de todo lo que es el Frigor\u00edfico&#8221;, agreg\u00f3 Bengolea y precis\u00f3 que &#8220;en un inicio la capacidad productiva estar\u00e1 en cuatrocientas media reses \/ d\u00eda. Que equivale a unos 30 mil kilos de carne final a g\u00f3ndola, con una dotaci\u00f3n de personal de sesenta personas aproximadamente&#8221;.<\/p>\n","protected":false},"excerpt":{"rendered":"<p>El intendente Alfredo Francolini y el secretario de Coordinaci\u00f3n de Gesti\u00f3n, Fernando Barboza, se reunieron con los representantes de la firma Compa\u00f1\u00eda Central Pampeana SA, a quienes le hicieron entrega de la documentaci\u00f3n habilitando el funcionamiento del ex Frigor\u00edfico Yuquer\u00ed \u00b7 &#8220;En un plazo de 60 a 90 d\u00edas estaremos funcionando&#8221;, anunciaron desde la empresa &nbsp; &nbsp; &#8220;Hemos tenido una reuni\u00f3n muy positiva con el Intendente y su equipo, nos ayudaron a avanzar en las gestiones y los tr\u00e1mites, y en cuestiones administrativas t\u00e9cnicas que nosotros no conocemos. Desde el&#8230;<\/p>\n","protected":false},"author":3,"featured_media":65730,"comment_status":"closed","ping_status":"closed","sticky":false,"template":"","format":"standard","meta":[],"categories":[9,15],"tags":[],"_links":{"self":[{"href":"https:\/\/www.actualidadadiario.com\/index.php\/wp-json\/wp\/v2\/posts\/65729"}],"collection":[{"href":"https:\/\/www.actualidadadiario.com\/index.php\/wp-json\/wp\/v2\/posts"}],"about":[{"href":"https:\/\/www.actualidadadiario.com\/index.php\/wp-json\/wp\/v2\/types\/post"}],"author":[{"embeddable":true,"href":"https:\/\/www.actualidadadiario.com\/index.php\/wp-json\/wp\/v2\/users\/3"}],"replies":[{"embeddable":true,"href":"https:\/\/www.actualidadadiario.com\/index.php\/wp-json\/wp\/v2\/comments?post=65729"}],"version-history":[{"count":1,"href":"https:\/\/www.actualidadadiario.com\/index.php\/wp-json\/wp\/v2\/posts\/65729\/revisions"}],"predecessor-version":[{"id":65731,"href":"https:\/\/www.actualidadadiario.com\/index.php\/wp-json\/wp\/v2\/posts\/65729\/revisions\/65731"}],"wp:featuredmedia":[{"embeddable":true,"href":"https:\/\/www.actualidadadiario.com\/index.php\/wp-json\/wp\/v2\/media\/65730"}],"wp:attachment":[{"href":"https:\/\/www.actualidadadiario.com\/index.php\/wp-json\/wp\/v2\/media?parent=65729"}],"wp:term":[{"taxonomy":"category","embeddable":true,"href":"https:\/\/www.actualidadadiario.com\/index.php\/wp-json\/wp\/v2\/categories?post=65729"},{"taxonomy":"post_tag","embeddable":true,"href":"https:\/\/www.actualidadadiario.com\/index.php\/wp-json\/wp\/v2\/tags?post=65729"}],"curies":[{"name":"wp","href":"https:\/\/api.w.org\/{rel}","templated":true}]}}