{"id":65727,"date":"2020-08-20T12:33:51","date_gmt":"2020-08-20T15:33:51","guid":{"rendered":"https:\/\/www.actualidadadiario.com\/?p=65727"},"modified":"2020-08-20T12:33:51","modified_gmt":"2020-08-20T15:33:51","slug":"la-tasa-de-duplicacion-de-casos-es-de-16-dias-en-entre-rios","status":"publish","type":"post","link":"https:\/\/www.actualidadadiario.com\/index.php\/2020\/08\/20\/la-tasa-de-duplicacion-de-casos-es-de-16-dias-en-entre-rios\/","title":{"rendered":"La tasa de duplicaci\u00f3n de casos es de 16 d\u00edas en Entre R\u00edos"},"content":{"rendered":"<p style=\"text-align: center;\"><em><strong>Desde el Ministerio de Salud se inform\u00f3 sobre la situaci\u00f3n actual de la pandemia en Entre R\u00edos. Entre otros puntos, se detall\u00f3 que la tasa de duplicaci\u00f3n de casos es de 16 d\u00edas y la tasa de incidencia acumulada es de 12,7 por cada diez mil habitantes en la provincia<\/strong><\/em><\/p>\n<p>&nbsp;<\/p>\n<p>&nbsp;<\/p>\n<p>Paran\u00e1 muestra una duplicaci\u00f3n de casos de 12 d\u00edas.<\/p>\n<p>La secretaria de Salud de la provincia, Carina Reh, al brindar este mi\u00e9rcoles el reporte provincial en relaci\u00f3n al coronavirus, inform\u00f3 sobre la evoluci\u00f3n de la enfermedad en Entre R\u00edos y de otras cuestiones puntuales como la disponibilidad para internaci\u00f3n en los diferentes centros de atenci\u00f3n.<\/p>\n<p>&nbsp;<\/p>\n<p><strong>Casos<\/strong><\/p>\n<p>Reh se refiri\u00f3 al informe epidemiol\u00f3gico actual de la provincia y precis\u00f3 que este mi\u00e9rcoles se registraron 46 casos nuevos de coronavirus, de los cuales los primeros 34 fueron detectados en el departamento Paran\u00e1, 32 corresponden a la ciudad capital, 12 contacto estrecho de pacientes ya confirmados y 20 pacientes con sus nexos epidemiol\u00f3gicos en estudio un caso. Un caso corresponde a la ciudad de San Benito y el otro caso del departamento Paran\u00e1, a la ciudad de Colonia Avellaneda.<\/p>\n<p>Indic\u00f3 que cuatro casos fueron detectados en la ciudad de Gualeguaych\u00fa, en el departamento Uruguay se confirmaron dos casos, los cuales corresponden a ambos a la ciudad de Basavilbaso; en el departamento Federaci\u00f3n se confirmaron dos casos, uno que corresponde a la ciudad de Chajar\u00ed y el otro a la localidad de Villa del Rosario.<\/p>\n<p>Dijo que en el departamento Victoria se han confirmado dos casos tambi\u00e9n, contactos estrechos de pacientes confirmados previamente y en la ciudad de Col\u00f3n se detectado un caso, proveniente de la ciudad de Buenos Aires. Finalmente, un caso confirmado en la ciudad de Diamante con su nexo en investigaci\u00f3n.<\/p>\n<p>Aclar\u00f3, que en el martes tambi\u00e9n fueron reclasificado dos casos que se hab\u00edan asignado por domicilio la ciudad de Concordia, de modo tal que la provincia al d\u00eda de la fecha tiene 1764 casos confirmados, 824 pacientes recuperados al momento y un total de 8602 casos estudiados.<\/p>\n<p>Agreg\u00f3 que en el martes tambi\u00e9n se inform\u00f3 un nuevo fallecimiento, un paciente de 71 a\u00f1os oriundo de la ciudad de Gualeguaych\u00fa, con enfermedades previas preexistentes lo cual hace un total de 25 pacientes fallecidos a la fecha desde el inicio de la pandemia.<\/p>\n<p>&nbsp;<\/p>\n<p><strong>Estad\u00edsticas<\/strong><\/p>\n<p>La funcionaria explic\u00f3 que ello &#8220;indica una tasa de letalidad en la provincia de 1,41 por ciento&#8221;.<\/p>\n<p>Por otro lado detall\u00f3 que actualmente la tasa de duplicaci\u00f3n de la provincia es de 16 d\u00edas y la tasa de incidencia acumulada al momento es de 12,7 por cada 10.000 habitantes.<\/p>\n<p>Detall\u00f3 que &#8220;particularmente la ciudad de Paran\u00e1 muestra una tasa de duplicaci\u00f3n de 12 d\u00edas y la ciudad de Gualeguaych\u00fa una tasa de duplicaci\u00f3n de 23 d\u00edas.<\/p>\n<p>A\u00f1adi\u00f3 que &#8220;la tasa de incidencia acumulada para estas localidades es de 30,9 por 10.000 habitantes para la ciudad de Gualeguaych\u00fa y de 37,3 por 10.000 habitantes para la ciudad de Paran\u00e1&#8221;.<\/p>\n<p>&nbsp;<\/p>\n<p><strong>Atenci\u00f3n de pacientes<\/strong><\/p>\n<p>La secretaria de Salud indic\u00f3 que en relaci\u00f3n al nivel de ocupaci\u00f3n de camas que actualmente tiene la provincia fundamentalmente en lo que hace a la ciudad de Paran\u00e1, que &#8220;es la localidad que actualmente se encuentra con circulaci\u00f3n comunitaria sostenida es de un total de 60 pacientes moderados, distribuidos entre el hospital San Mart\u00edn y el hospital de la Baxada&#8221;.<\/p>\n<p>&#8220;Debemos tener en cuenta fundamentalmente en lo que hace a esta enfermedad que de un total de 100 pacientes, habitualmente un 20 por ciento de ellos cursa con enfermedad moderada, lo cual obliga claramente a su internaci\u00f3n y supervisi\u00f3n permanente, esto no nos permite a nosotros alojar estos pacientes en unidades de cuidados m\u00ednimos, requiere una internaci\u00f3n hospitalaria y sabemos que al menos un cinco por ciento de ellos, cursa con internaci\u00f3n en unidades cr\u00edticas&#8221;, dijo la funcionaria.<\/p>\n<p>En este sentido, manifest\u00f3 que por ello la situaci\u00f3n actual en la ciudad de Paran\u00e1 \u201ces compleja, nos advierte nos pone en alerta permanente, ya que si bien existe una disponibilidad de pr\u00e1cticamente un 50 por ciento de unidades de cuidados cr\u00edticos, sabemos que estos pacientes que se encuentran cursando la enfermedad de manera moderada pueden descompensarse r\u00e1pidamente y requerir la internaci\u00f3n en unidades cr\u00edticas&#8221;.<\/p>\n<p>Asimismo, indic\u00f3 que \u201cactualmente tenemos cuatro pacientes en asistencia mec\u00e1nica respiratoria en el hospital San Mart\u00edn y cinco pacientes en asistencia mec\u00e1nica respiratoria en el hospital de La Baxada. En relaci\u00f3n al resto de los pacientes que tienen internaci\u00f3n en unidades cr\u00edticas, hay un paciente en el hospital Militar de la ciudad de Paran\u00e1 y un paciente en el hospital Masvernat de la ciudad de Concordia, ambos est\u00e1n cursando su internaci\u00f3n sin asistencia mec\u00e1nica respiratoria\u201d, detall\u00f3 la secretaria de Salud.<\/p>\n<p>Por otro lado, se refiri\u00f3 a la ocupaci\u00f3n de camas de pacientes moderados en la ciudad de Gualeguaych\u00fa, \u201cqu\u00e9 es otra ciudad que tambi\u00e9n los tiene en alerta en estos momentos y sobre la cual se ha estado trabajando las \u00faltimas horas en relaci\u00f3n al reporte de casos que han tenido, es de 28 pacientes\u201d, precis\u00f3 Reh y dijo \u201cque en relaci\u00f3n al n\u00famero de casos que ellos reportan y a la disponibilidad de unidades para internaci\u00f3n de pacientes moderados disminuye la brecha y es necesario mantenernos en alerta permanente. Como dec\u00eda hace unos instantes la descompensaci\u00f3n de los pacientes que cursan internados en unidades moderadas pueden llegar muy r\u00e1pidamente y requerir la asistencia mec\u00e1nica respiratoria en cuesti\u00f3n de horas\u201d.<\/p>\n<p>\u201cEs por eso que tenemos que tener en cuenta que todos aquellos pacientes o aquellos individuos que presentan factores de riesgo o comorbilidades como decimos nosotros, deben procurar circular dentro de la localidad fundamentalmente. Hoy Paran\u00e1 y Gualeguaych\u00fa lo menos posible para evitar de esta manera adquirir la enfermedad que lo que va a generar, obviamente ante tanta patolog\u00eda preexistente, es una dificultad en su respuesta inmunol\u00f3gica con una capacidad de respuesta y defensa disminuida lo que hace la vulnerabilidad y al requerimiento de cuidados mucho m\u00e1s estrictos en el caso de adquirir la infecci\u00f3n por Covid\u201d, se\u00f1al\u00f3 la funcionaria.<\/p>\n","protected":false},"excerpt":{"rendered":"<p>Desde el Ministerio de Salud se inform\u00f3 sobre la situaci\u00f3n actual de la pandemia en Entre R\u00edos. Entre otros puntos, se detall\u00f3 que la tasa de duplicaci\u00f3n de casos es de 16 d\u00edas y la tasa de incidencia acumulada es de 12,7 por cada diez mil habitantes en la provincia &nbsp; &nbsp; Paran\u00e1 muestra una duplicaci\u00f3n de casos de 12 d\u00edas. La secretaria de Salud de la provincia, Carina Reh, al brindar este mi\u00e9rcoles el reporte provincial en relaci\u00f3n al coronavirus, inform\u00f3 sobre la evoluci\u00f3n de la enfermedad en Entre&#8230;<\/p>\n","protected":false},"author":3,"featured_media":63501,"comment_status":"closed","ping_status":"closed","sticky":false,"template":"","format":"standard","meta":[],"categories":[9,15],"tags":[],"_links":{"self":[{"href":"https:\/\/www.actualidadadiario.com\/index.php\/wp-json\/wp\/v2\/posts\/65727"}],"collection":[{"href":"https:\/\/www.actualidadadiario.com\/index.php\/wp-json\/wp\/v2\/posts"}],"about":[{"href":"https:\/\/www.actualidadadiario.com\/index.php\/wp-json\/wp\/v2\/types\/post"}],"author":[{"embeddable":true,"href":"https:\/\/www.actualidadadiario.com\/index.php\/wp-json\/wp\/v2\/users\/3"}],"replies":[{"embeddable":true,"href":"https:\/\/www.actualidadadiario.com\/index.php\/wp-json\/wp\/v2\/comments?post=65727"}],"version-history":[{"count":1,"href":"https:\/\/www.actualidadadiario.com\/index.php\/wp-json\/wp\/v2\/posts\/65727\/revisions"}],"predecessor-version":[{"id":65728,"href":"https:\/\/www.actualidadadiario.com\/index.php\/wp-json\/wp\/v2\/posts\/65727\/revisions\/65728"}],"wp:featuredmedia":[{"embeddable":true,"href":"https:\/\/www.actualidadadiario.com\/index.php\/wp-json\/wp\/v2\/media\/63501"}],"wp:attachment":[{"href":"https:\/\/www.actualidadadiario.com\/index.php\/wp-json\/wp\/v2\/media?parent=65727"}],"wp:term":[{"taxonomy":"category","embeddable":true,"href":"https:\/\/www.actualidadadiario.com\/index.php\/wp-json\/wp\/v2\/categories?post=65727"},{"taxonomy":"post_tag","embeddable":true,"href":"https:\/\/www.actualidadadiario.com\/index.php\/wp-json\/wp\/v2\/tags?post=65727"}],"curies":[{"name":"wp","href":"https:\/\/api.w.org\/{rel}","templated":true}]}}