{"id":65724,"date":"2020-08-20T12:32:47","date_gmt":"2020-08-20T15:32:47","guid":{"rendered":"https:\/\/www.actualidadadiario.com\/?p=65724"},"modified":"2020-08-20T12:32:47","modified_gmt":"2020-08-20T15:32:47","slug":"bordet-entrego-aportes-a-emprendedores-innovadores","status":"publish","type":"post","link":"https:\/\/www.actualidadadiario.com\/index.php\/2020\/08\/20\/bordet-entrego-aportes-a-emprendedores-innovadores\/","title":{"rendered":"Bordet entreg\u00f3 aportes a emprendedores innovadores"},"content":{"rendered":"<p style=\"text-align: center;\"><em><strong>El gobernador Bordet entreg\u00f3 aportes para emprendimientos innovadores en el marco del Programa de Consolidaci\u00f3n de Emprendimientos Din\u00e1micos en Entre R\u00edos (Proceder)<\/strong><\/em><\/p>\n<p>&nbsp;<\/p>\n<p>La iniciativa fomenta la inversi\u00f3n de capital emprendedor en la provincia a trav\u00e9s de un proyecto presentado entre un emprendimiento y un inversor privado.<\/p>\n<p>El gobierno invierte igual monto que el privado mediante un aporte no reembolsable. Est\u00e1 dirigido a emprendimientos innovadores y con ventajas competitivas sostenibles.<\/p>\n<p>Acompa\u00f1ado por la vicegobernadora, Laura Stratta; el ministro de la Producci\u00f3n, Juan Jos\u00e9 Bahillo y el secretario de Desarrollo Econ\u00f3mico y Emprendedor, Pedro Gebhart, el gobernador felicit\u00f3 a los emprendedores por los proyectos que est\u00e1n llevando adelante.<\/p>\n<p>&#8220;Es muy importante para la provincia estar trabajando en innovaci\u00f3n tecnol\u00f3gica en estos tiempos que requieren de nuevos desaf\u00edos&#8221;, dijo Bordet.<\/p>\n<p>&#8220;Apoyamos estos emprendimientos con el convencimiento de que generar oportunidades para el desarrollo tecnol\u00f3gico, es tambi\u00e9n tener un horizonte que genere empleo y perspectiva de futuro en la provincia&#8221;.<\/p>\n<p>Tras el encuentro, el ministro Bahillo precis\u00f3 que en el marco del programa J\u00f3venes Emprendedores que se financian distintos tipos de proyectos que tienen que ver de base tecnol\u00f3gica, emprendimientos, acompa\u00f1amientos a empresas en la etapa de incubaci\u00f3n, desarrollo de mercados. &#8220;Es un programa que atiende distintas necesidades, sobre todo de empresas que se est\u00e1n iniciando y de fuerte base tecnol\u00f3gica&#8221;.<\/p>\n<p>Explic\u00f3 que &#8220;en el marco de ese programa hicimos entrega de tres aportes del programa Proceder, que tiene caracter\u00edsticas muy particulares y virtuosas, a donde empresas innovadoras e incubadoras consiguen el 50 por ciento de financiamiento a trav\u00e9s del aporte de capital privado y el otro 50 por ciento es un aporte no reintegrable del estado&#8221;.<\/p>\n<p>El ministro destac\u00f3 que &#8220;hay una decisi\u00f3n pol\u00edtica del gobierno provincial, a trav\u00e9s del gobernador Gustavo Bordet, que ya se inici\u00f3 en la anterior gesti\u00f3n y se profundiza en esta gesti\u00f3n, de financiar y apoyar este tipo de emprendimientos&#8221;.<\/p>\n<p>Precis\u00f3 que &#8220;bajo las dentinas modalidades se van a financiar alrededor de 200 proyectos en lo que va del a\u00f1o, con una inversi\u00f3n casi 20 millones de pesos y hemos ampliado el objeto de la ley que le da el marco a este programa fue promulgada en el d\u00eda de ayer, la Ley 10.840 que modifica la Ley 10.314 a donde se incorporan otros sectores que no estaban alcanzados en el marco de esta pandemia y esta crisis para darle sustentabilidad tambi\u00e9n a otros sectores y acompa\u00f1amiento del Estado en este momento tan cr\u00edtico&#8221;.<\/p>\n<p>Por su parte, Pedro Gebhart, explic\u00f3 que en marco de dicha Ley y la modificaci\u00f3n que promulg\u00f3 recientemente el gobernador en el d\u00eda de ayer, \u201cpodemos tener funcionando diferentes programas, el cual como comentaba el ministro, J\u00f3venes Emprendedores, que es un Programa de capital semilla para aquellos emprendedores que reci\u00e9n est\u00e1n en una etapa inicial de su emprendimiento y reciben un financiamiento, un cr\u00e9dito del Estado a tasa cero sin ning\u00fan tipo de garant\u00edas y que se presentan a trav\u00e9s de nuestro sistema web, nuestra p\u00e1gina en la cual pueden cargar toda la informaci\u00f3n y ah\u00ed llena su proyecto e inmediatamente se est\u00e1n comunicando de nuestro equipo dentro de las 24 horas para avanza en el llenado de los formularios\u201d, precis\u00f3 el secretario .<\/p>\n<p>Sobre el programa Proceder,Gebhart, explic\u00f3 que \u201ces un Programa de consolidaci\u00f3n de emprendimientos din\u00e1micos. Que la idea trata de empresas que ya est\u00e1n m\u00e1s validadas en el mercado, que buscan un capital para consolidar su producci\u00f3n. Esto significa que buscan la escalabilidad de lo que est\u00e1n produciendo\u201d.<\/p>\n<p>\u201cEs un programa que consta de la coinversi\u00f3n p\u00fablico-privada de lo que solicitan el proyecto que presenta el emprendedor. As\u00ed un emprendedor consigue una inversi\u00f3n de 750 mil pesos y por cada uno de esos pesos el Estado provincial pone un peso m\u00e1s en concepto de NR sin devoluci\u00f3n para que el emprendedor pueda invertir en la consolidaci\u00f3n de su emprendimiento\u201d, afirm\u00f3 Gebhart.<\/p>\n<p>&nbsp;<\/p>\n<p><strong>El programa<\/strong><\/p>\n<p>El Programa de Consolidaci\u00f3n de Emprendimientos Din\u00e1micos (PROCEDER) es una iniciativa que apunta al crecimiento y consolidaci\u00f3n de emprendimientos, impulsado por la Secretar\u00eda de Desarrollo Econ\u00f3mico y Emprendedor del Ministerio de Producci\u00f3n, Turismo y Desarrollo Econ\u00f3mico, se plantea as\u00ed desde su concepci\u00f3n como una propuesta de encuentro y articulaci\u00f3n, que propicie tanto la generaci\u00f3n de inversiones privadas en emprendimientos como el crecimiento de estos \u00faltimos para la generaci\u00f3n de valor, empleo y desarrollo local.<\/p>\n<p>En cuanto a las actividades financiables, se indic\u00f3 que la inversi\u00f3n p\u00fablica recibida por el emprendimiento deber\u00e1 utilizarse exclusivamente para afrontar los gastos relacionados con la ejecuci\u00f3n de la propuesta de valor presentada como proyecto. Expec\u00edficamente, incluye la adquisici\u00f3n de capital de trabajo o nuevas aplicaciones de tecnolog\u00edas existentes. Actividades necesarias para la creaci\u00f3n o mejora de un producto y\/o un proceso innovador que represente una soluci\u00f3n novedosa y con valor agregado. Actividades de dise\u00f1o y construcci\u00f3n de nuevos productos. Actividades necesarias para la validaci\u00f3n de modelos de negocios y apertura de nuevos mercados, incluidas las de difusi\u00f3n y estrategia comercial.<\/p>\n<p>&nbsp;<\/p>\n<p><strong>Proyectos proceder 2020<\/strong><\/p>\n<p><strong>\u201cGIVEMOVE SAS\u201d titular: ALEJANDRO BISI<\/strong><\/p>\n<p>Descripci\u00f3n: Producci\u00f3n de bipedestadores, dispositivos ortop\u00e9dicos que brindan la posibilidad de ponerse de pie a aquellas personas que posean dificultades para hacerlo por sus propios medios. Emprendedor beneficiario de J\u00f3venes Em- prendedores en 2017 y PROACEER en 2019.<\/p>\n<p>Localidad: Oro Verde<\/p>\n<p>&nbsp;<\/p>\n<p><strong>\u201cPROYECTAR INNOVACI\u00d3N SRL\u201d titular: Leandro Planas<\/strong><\/p>\n<p>Descripci\u00f3n: Creaci\u00f3n de la primera incubadora de empresas de tecnolog\u00eda ca del pa\u00eds habilitada por la ANMAT, que fomente el emprendimiento con nivel de innovaci\u00f3n.<\/p>\n<p>Emprendedor beneficiario de J\u00f3venes Emprendedores en 2018 y PROACEER 2019.<\/p>\n<p>Localidad: Paran\u00e1<\/p>\n<p>&nbsp;<\/p>\n<p><strong>\u201cDEFYMOTION S.S\u201d Titular: DIEGO FERNANDEZ<\/strong><\/p>\n<p>Descripci\u00f3n: Emprendimiento de desarrollo y fabricaci\u00f3n de maquinaria industrial (Rob\u00f3tica).<\/p>\n<p>En este caso el proyecto se basa en la fabricaci\u00f3n de Brazo Robot Paletizador y un Robot Delta, ambas tecnolog\u00edas permiten incorporar procesos autom\u00e1ticos en finales de l\u00ednea de manera flexible y a un bajo costo. Emprendedor beneficiario de J\u00f3venes Emprendedores en 2018 y PROACEER en 2019.<\/p>\n<p>Localidad: Concordia<\/p>\n","protected":false},"excerpt":{"rendered":"<p>El gobernador Bordet entreg\u00f3 aportes para emprendimientos innovadores en el marco del Programa de Consolidaci\u00f3n de Emprendimientos Din\u00e1micos en Entre R\u00edos (Proceder) &nbsp; La iniciativa fomenta la inversi\u00f3n de capital emprendedor en la provincia a trav\u00e9s de un proyecto presentado entre un emprendimiento y un inversor privado. El gobierno invierte igual monto que el privado mediante un aporte no reembolsable. Est\u00e1 dirigido a emprendimientos innovadores y con ventajas competitivas sostenibles. Acompa\u00f1ado por la vicegobernadora, Laura Stratta; el ministro de la Producci\u00f3n, Juan Jos\u00e9 Bahillo y el secretario de Desarrollo Econ\u00f3mico&#8230;<\/p>\n","protected":false},"author":3,"featured_media":65725,"comment_status":"closed","ping_status":"closed","sticky":false,"template":"","format":"standard","meta":[],"categories":[15],"tags":[],"_links":{"self":[{"href":"https:\/\/www.actualidadadiario.com\/index.php\/wp-json\/wp\/v2\/posts\/65724"}],"collection":[{"href":"https:\/\/www.actualidadadiario.com\/index.php\/wp-json\/wp\/v2\/posts"}],"about":[{"href":"https:\/\/www.actualidadadiario.com\/index.php\/wp-json\/wp\/v2\/types\/post"}],"author":[{"embeddable":true,"href":"https:\/\/www.actualidadadiario.com\/index.php\/wp-json\/wp\/v2\/users\/3"}],"replies":[{"embeddable":true,"href":"https:\/\/www.actualidadadiario.com\/index.php\/wp-json\/wp\/v2\/comments?post=65724"}],"version-history":[{"count":1,"href":"https:\/\/www.actualidadadiario.com\/index.php\/wp-json\/wp\/v2\/posts\/65724\/revisions"}],"predecessor-version":[{"id":65726,"href":"https:\/\/www.actualidadadiario.com\/index.php\/wp-json\/wp\/v2\/posts\/65724\/revisions\/65726"}],"wp:featuredmedia":[{"embeddable":true,"href":"https:\/\/www.actualidadadiario.com\/index.php\/wp-json\/wp\/v2\/media\/65725"}],"wp:attachment":[{"href":"https:\/\/www.actualidadadiario.com\/index.php\/wp-json\/wp\/v2\/media?parent=65724"}],"wp:term":[{"taxonomy":"category","embeddable":true,"href":"https:\/\/www.actualidadadiario.com\/index.php\/wp-json\/wp\/v2\/categories?post=65724"},{"taxonomy":"post_tag","embeddable":true,"href":"https:\/\/www.actualidadadiario.com\/index.php\/wp-json\/wp\/v2\/tags?post=65724"}],"curies":[{"name":"wp","href":"https:\/\/api.w.org\/{rel}","templated":true}]}}