{"id":65716,"date":"2020-08-19T12:13:30","date_gmt":"2020-08-19T15:13:30","guid":{"rendered":"https:\/\/www.actualidadadiario.com\/?p=65716"},"modified":"2020-08-19T12:13:30","modified_gmt":"2020-08-19T15:13:30","slug":"francisco-seria-triste-que-la-vacuna-se-le-diera-con-prioridad-a-los-ricos","status":"publish","type":"post","link":"https:\/\/www.actualidadadiario.com\/index.php\/2020\/08\/19\/francisco-seria-triste-que-la-vacuna-se-le-diera-con-prioridad-a-los-ricos\/","title":{"rendered":"Francisco: &#8220;Ser\u00eda triste que la vacuna se le diera con prioridad a los ricos&#8221;"},"content":{"rendered":"<p style=\"text-align: center;\"><em><strong>&#8220;Ser\u00eda triste si esta vacuna se convirtiera en propiedad de esta o aquella naci\u00f3n y no sea universal y para todos&#8221;, plante\u00f3 el pont\u00edfice durante la audiencia general<\/strong><\/em><\/p>\n<p>&nbsp;<\/p>\n<p>&nbsp;<\/p>\n<p>El papa Francisco asegur\u00f3 hoy que &#8220;ser\u00eda triste si en la vacuna para la Covid-19 se diera la prioridad a los ricos&#8221; y que ser\u00eda &#8220;un esc\u00e1ndalo&#8221; si se usa dinero p\u00fablico para &#8220;rescatar industrias que no contribuyen a la inclusi\u00f3n de los excluidos&#8221;.<\/p>\n<p>&#8220;Ser\u00eda triste si en la vacuna para la Covid-19 se diera la prioridad a los ricos! Ser\u00eda triste si esta vacuna se convirtiera en propiedad de esta o aquella naci\u00f3n y no sea universal y para todos&#8221;, plante\u00f3 el pont\u00edfice durante la audiencia general que encabez\u00f3 este mi\u00e9rcoles en el Vaticano.<\/p>\n<p>&#8220;Y qu\u00e9 esc\u00e1ndalo ser\u00eda si toda la asistencia econ\u00f3mica que estamos viendo, la mayor parte con dinero p\u00fablico, se concentrase en rescatar industrias que no contribuyen a la inclusi\u00f3n de los excluidos, a la promoci\u00f3n de los \u00faltimos, al bien com\u00fan o al cuidado de la creaci\u00f3n&#8221;, sostuvo Jorge Bergoglio.<\/p>\n<p>El Papa prosigui\u00f3 hoy con su serie de catequesis sobre la pandemia de coronavirus desde la Biblioteca del Palacio Apost\u00f3lico del Vaticano, donde encabeza las audiencias de los mi\u00e9rcoles desde marzo, cuando por la situaci\u00f3n epidemiol\u00f3gica tuvo que suspender los encuentros con los fieles en la Plaza San Pedro.<\/p>\n<p>&#8220;Hay criterios para elegir cu\u00e1les ser\u00e1n las industrias para ayudar: las que contribuyen a la inclusi\u00f3n de los excluidos, a la promoci\u00f3n de los \u00faltimos, al bien com\u00fan y al cuidado de la creaci\u00f3n. Cuatro criterios&#8221;, planteo Francisco.<\/p>\n<p>&#8220;Todos estamos preocupados por las consecuencias sociales de la pandemia. Todos&#8221;, sostuvo luego.<\/p>\n<p>&#8220;Muchos quieren volver a la normalidad y retomar las actividades econ\u00f3micas. Cierto, pero esta normalidad no deber\u00eda comprender las injusticias sociales y la degradaci\u00f3n del ambiente&#8221;, advirti\u00f3 el pont\u00edfice.<\/p>\n<p>En ese marco, plante\u00f3 que &#8220;la pandemia es una crisis y de una crisis no se sale iguales: o salimos mejores o salimos peores&#8221; y que &#8220;nosotros debemos salir mejores, para mejorar las injusticias sociales y la degradaci\u00f3n ambiental&#8221;.<\/p>\n<p>&#8220;Hoy tenemos una ocasi\u00f3n para construir algo diferente. Por ejemplo, podemos hacer crecer una econom\u00eda de desarrollo integral de los pobres y no de asistencialismo&#8221;, convoc\u00f3 finalmente.<\/p>\n","protected":false},"excerpt":{"rendered":"<p>&#8220;Ser\u00eda triste si esta vacuna se convirtiera en propiedad de esta o aquella naci\u00f3n y no sea universal y para todos&#8221;, plante\u00f3 el pont\u00edfice durante la audiencia general &nbsp; &nbsp; El papa Francisco asegur\u00f3 hoy que &#8220;ser\u00eda triste si en la vacuna para la Covid-19 se diera la prioridad a los ricos&#8221; y que ser\u00eda &#8220;un esc\u00e1ndalo&#8221; si se usa dinero p\u00fablico para &#8220;rescatar industrias que no contribuyen a la inclusi\u00f3n de los excluidos&#8221;. &#8220;Ser\u00eda triste si en la vacuna para la Covid-19 se diera la prioridad a los ricos!&#8230;<\/p>\n","protected":false},"author":3,"featured_media":65717,"comment_status":"closed","ping_status":"closed","sticky":false,"template":"","format":"standard","meta":[],"categories":[4],"tags":[],"_links":{"self":[{"href":"https:\/\/www.actualidadadiario.com\/index.php\/wp-json\/wp\/v2\/posts\/65716"}],"collection":[{"href":"https:\/\/www.actualidadadiario.com\/index.php\/wp-json\/wp\/v2\/posts"}],"about":[{"href":"https:\/\/www.actualidadadiario.com\/index.php\/wp-json\/wp\/v2\/types\/post"}],"author":[{"embeddable":true,"href":"https:\/\/www.actualidadadiario.com\/index.php\/wp-json\/wp\/v2\/users\/3"}],"replies":[{"embeddable":true,"href":"https:\/\/www.actualidadadiario.com\/index.php\/wp-json\/wp\/v2\/comments?post=65716"}],"version-history":[{"count":1,"href":"https:\/\/www.actualidadadiario.com\/index.php\/wp-json\/wp\/v2\/posts\/65716\/revisions"}],"predecessor-version":[{"id":65718,"href":"https:\/\/www.actualidadadiario.com\/index.php\/wp-json\/wp\/v2\/posts\/65716\/revisions\/65718"}],"wp:featuredmedia":[{"embeddable":true,"href":"https:\/\/www.actualidadadiario.com\/index.php\/wp-json\/wp\/v2\/media\/65717"}],"wp:attachment":[{"href":"https:\/\/www.actualidadadiario.com\/index.php\/wp-json\/wp\/v2\/media?parent=65716"}],"wp:term":[{"taxonomy":"category","embeddable":true,"href":"https:\/\/www.actualidadadiario.com\/index.php\/wp-json\/wp\/v2\/categories?post=65716"},{"taxonomy":"post_tag","embeddable":true,"href":"https:\/\/www.actualidadadiario.com\/index.php\/wp-json\/wp\/v2\/tags?post=65716"}],"curies":[{"name":"wp","href":"https:\/\/api.w.org\/{rel}","templated":true}]}}