{"id":65710,"date":"2020-08-19T12:12:00","date_gmt":"2020-08-19T15:12:00","guid":{"rendered":"https:\/\/www.actualidadadiario.com\/?p=65710"},"modified":"2020-08-19T12:12:00","modified_gmt":"2020-08-19T15:12:00","slug":"por-la-pandemia-el-pib-de-chile-se-hundio-un-141-en-el-trimestre-abril-junio","status":"publish","type":"post","link":"https:\/\/www.actualidadadiario.com\/index.php\/2020\/08\/19\/por-la-pandemia-el-pib-de-chile-se-hundio-un-141-en-el-trimestre-abril-junio\/","title":{"rendered":"Por la pandemia, el PIB de Chile se hundi\u00f3 un 14,1% en el trimestre abril-junio"},"content":{"rendered":"<p style=\"text-align: center;\"><em><strong>La pandemia de coronavirus y las medidas sanitarias para controlar su expansi\u00f3n provocaron entre abril y junio un descenso hist\u00f3rico en el Producto Interno Bruto (PIB) de Chile, que se desplom\u00f3 un 14,1 por ciento<\/strong><\/em><\/p>\n<p>&nbsp;<\/p>\n<p>El Banco Central chileno indic\u00f3 que se trata de la mayor ca\u00edda desde que se tienen registros (1986), aunque el pa\u00eds evit\u00f3 por poco caer en una recesi\u00f3n t\u00e9cnica (dos trimestres seguidos de ca\u00edda), ya que en los tres primeros meses del a\u00f1o el PIB creci\u00f3 un 0,2 por ciento.<\/p>\n<p>&#8220;Va en l\u00ednea con las expectativas, es algo que se est\u00e1 observando en todo el planeta (&#8230;) El da\u00f1o en la econom\u00eda es muy profundo&#8221;, dijo el ministro chileno de Econom\u00eda, Lucas Palacios.<\/p>\n<p>Las actividades m\u00e1s afectadas fueron comercio, transporte, construcci\u00f3n, restaurantes, hoteles e industria manufacturera, mientras que las \u00fanicas que esquivaron la ca\u00edda fueron los servicios financieros, la administraci\u00f3n p\u00fablica y la poderosa miner\u00eda chilena, que creci\u00f3 un 1,6 por ciento.<\/p>\n<p>Los analistas coinciden en que la ca\u00edda del PIB no fue mayor porque Chile, a diferencia de su vecino Per\u00fa, no decret\u00f3 el cierre de la actividad minera durante los meses m\u00e1s duros de la pandemia y la producci\u00f3n del cobre -del que es el primer productor del mundo- se mantuvo m\u00e1s o menos estable.<\/p>\n<p>&#8220;El dato de hoy le pone n\u00famero a lo que ya sab\u00edamos, encuentro un milagro que la producci\u00f3n minera se haya mantenido&#8221;, indic\u00f3 a Efe Joseph Ramos, economista de la Universidad de Chile. &#8220;Julio y agosto van a ser duros tambi\u00e9n, pero esperamos empezar a ver la luz en septiembre&#8221;, agreg\u00f3 el experto.<\/p>\n<p>El hundimiento en el segundo trimestre se explica en parte por el retroceso r\u00e9cord del 19,1% de la demanda interna, arrastrada por el menor consumo de hogares (- 22,4 %) y, en menor medida, por la inversi\u00f3n, que cay\u00f3 un 15,1 por ciento.<\/p>\n<p>Con cerca de 1,8 millones de empleos perdidos en un a\u00f1o y una tasa de desempleo del 12,2% en el primer trimestre, la peor en una d\u00e9cada, muchos hogares chilenos est\u00e1n pasando apuros econ\u00f3micos y la Comisi\u00f3n Econ\u00f3mica para Am\u00e9rica Latina y el Caribe (Cepal) calcula que la pobreza podr\u00eda llegar al 13,7 por ciento.<\/p>\n<p>El Gobierno lanz\u00f3 varios planes para contrarrestar los efectos econ\u00f3micos de la pandemia, movilizando recursos equivalentes a cerca de un 12% del PIB, y el pasado domingo anunci\u00f3 un plan de inversi\u00f3n en obras p\u00fablicas por USD34.000 millones en dos a\u00f1os.<\/p>\n<p>Para Ricardo French-Davis, Premio Nacional de Humanidades y Ciencias Sociales, Chile tiene a\u00fan una &#8220;gran capacidad para endeudarse&#8221; y deber\u00eda aprovechar el acceso a los mercados internacionales para apoyar a las mipymes y a los hogares m\u00e1s vulnerables, que est\u00e1n recibiendo la ayuda &#8220;a cuentagotas&#8221;.<\/p>\n<p>El acad\u00e9mico Francisco Casta\u00f1eda consider\u00f3 que la econom\u00eda chilena toc\u00f3 fondo en el segundo trimestre y que en los pr\u00f3ximos meses se empezar\u00e1n a notar los efectos positivos del aumento en el precio de las materias primas, con el cobre en torno a 2,80 d\u00f3lares por libra.<\/p>\n<p>El Banco Central chileno estima una recesi\u00f3n de hasta el 7,5 % para 2020.<\/p>\n","protected":false},"excerpt":{"rendered":"<p>La pandemia de coronavirus y las medidas sanitarias para controlar su expansi\u00f3n provocaron entre abril y junio un descenso hist\u00f3rico en el Producto Interno Bruto (PIB) de Chile, que se desplom\u00f3 un 14,1 por ciento &nbsp; El Banco Central chileno indic\u00f3 que se trata de la mayor ca\u00edda desde que se tienen registros (1986), aunque el pa\u00eds evit\u00f3 por poco caer en una recesi\u00f3n t\u00e9cnica (dos trimestres seguidos de ca\u00edda), ya que en los tres primeros meses del a\u00f1o el PIB creci\u00f3 un 0,2 por ciento. &#8220;Va en l\u00ednea con&#8230;<\/p>\n","protected":false},"author":3,"featured_media":65711,"comment_status":"closed","ping_status":"closed","sticky":false,"template":"","format":"standard","meta":[],"categories":[4],"tags":[],"_links":{"self":[{"href":"https:\/\/www.actualidadadiario.com\/index.php\/wp-json\/wp\/v2\/posts\/65710"}],"collection":[{"href":"https:\/\/www.actualidadadiario.com\/index.php\/wp-json\/wp\/v2\/posts"}],"about":[{"href":"https:\/\/www.actualidadadiario.com\/index.php\/wp-json\/wp\/v2\/types\/post"}],"author":[{"embeddable":true,"href":"https:\/\/www.actualidadadiario.com\/index.php\/wp-json\/wp\/v2\/users\/3"}],"replies":[{"embeddable":true,"href":"https:\/\/www.actualidadadiario.com\/index.php\/wp-json\/wp\/v2\/comments?post=65710"}],"version-history":[{"count":1,"href":"https:\/\/www.actualidadadiario.com\/index.php\/wp-json\/wp\/v2\/posts\/65710\/revisions"}],"predecessor-version":[{"id":65712,"href":"https:\/\/www.actualidadadiario.com\/index.php\/wp-json\/wp\/v2\/posts\/65710\/revisions\/65712"}],"wp:featuredmedia":[{"embeddable":true,"href":"https:\/\/www.actualidadadiario.com\/index.php\/wp-json\/wp\/v2\/media\/65711"}],"wp:attachment":[{"href":"https:\/\/www.actualidadadiario.com\/index.php\/wp-json\/wp\/v2\/media?parent=65710"}],"wp:term":[{"taxonomy":"category","embeddable":true,"href":"https:\/\/www.actualidadadiario.com\/index.php\/wp-json\/wp\/v2\/categories?post=65710"},{"taxonomy":"post_tag","embeddable":true,"href":"https:\/\/www.actualidadadiario.com\/index.php\/wp-json\/wp\/v2\/tags?post=65710"}],"curies":[{"name":"wp","href":"https:\/\/api.w.org\/{rel}","templated":true}]}}