{"id":65704,"date":"2020-08-19T12:09:56","date_gmt":"2020-08-19T15:09:56","guid":{"rendered":"https:\/\/www.actualidadadiario.com\/?p=65704"},"modified":"2020-08-19T12:09:56","modified_gmt":"2020-08-19T15:09:56","slug":"alberto-fernandez-anuncia-la-puesta-en-marcha-de-obras-publicas","status":"publish","type":"post","link":"https:\/\/www.actualidadadiario.com\/index.php\/2020\/08\/19\/alberto-fernandez-anuncia-la-puesta-en-marcha-de-obras-publicas\/","title":{"rendered":"Alberto Fern\u00e1ndez anuncia la puesta en marcha de obras p\u00fablicas"},"content":{"rendered":"<p style=\"text-align: center;\"><em><strong>El Presidente mantendr\u00e1 una videoconferencia con autoridades de Chaco, Misiones, C\u00f3rdoba, La Pampa y Salta<\/strong><\/em><\/p>\n<p>&nbsp;<\/p>\n<p>&nbsp;<\/p>\n<p>El presidente Alberto Fern\u00e1ndez anunciar\u00e1 hoy la puesta en marcha de Obras P\u00fablicas en las provincias de Chaco, Misiones, C\u00f3rdoba, La Pampa y Salta.<\/p>\n<p>El jefe de Estado realizar\u00e1 la presentaci\u00f3n mediante una videconferencia prevista para las 11.30 desde la Residencia de Olivos.<\/p>\n<p>Seg\u00fan indicaron fuentes provinciales, el gobernador de Chaco, Jorge Capitanich, participar\u00e1 del encuentro virtual y estar\u00e1 &#8220;sobre la Ruta Nacional 11&#8221; para compartir el anuncio del inicio de obras de &#8220;la ruta nacional y autov\u00eda&#8221;.<\/p>\n","protected":false},"excerpt":{"rendered":"<p>El Presidente mantendr\u00e1 una videoconferencia con autoridades de Chaco, Misiones, C\u00f3rdoba, La Pampa y Salta &nbsp; &nbsp; El presidente Alberto Fern\u00e1ndez anunciar\u00e1 hoy la puesta en marcha de Obras P\u00fablicas en las provincias de Chaco, Misiones, C\u00f3rdoba, La Pampa y Salta. El jefe de Estado realizar\u00e1 la presentaci\u00f3n mediante una videconferencia prevista para las 11.30 desde la Residencia de Olivos. Seg\u00fan indicaron fuentes provinciales, el gobernador de Chaco, Jorge Capitanich, participar\u00e1 del encuentro virtual y estar\u00e1 &#8220;sobre la Ruta Nacional 11&#8221; para compartir el anuncio del inicio de obras de&#8230;<\/p>\n","protected":false},"author":3,"featured_media":65705,"comment_status":"closed","ping_status":"closed","sticky":false,"template":"","format":"standard","meta":[],"categories":[18],"tags":[],"_links":{"self":[{"href":"https:\/\/www.actualidadadiario.com\/index.php\/wp-json\/wp\/v2\/posts\/65704"}],"collection":[{"href":"https:\/\/www.actualidadadiario.com\/index.php\/wp-json\/wp\/v2\/posts"}],"about":[{"href":"https:\/\/www.actualidadadiario.com\/index.php\/wp-json\/wp\/v2\/types\/post"}],"author":[{"embeddable":true,"href":"https:\/\/www.actualidadadiario.com\/index.php\/wp-json\/wp\/v2\/users\/3"}],"replies":[{"embeddable":true,"href":"https:\/\/www.actualidadadiario.com\/index.php\/wp-json\/wp\/v2\/comments?post=65704"}],"version-history":[{"count":1,"href":"https:\/\/www.actualidadadiario.com\/index.php\/wp-json\/wp\/v2\/posts\/65704\/revisions"}],"predecessor-version":[{"id":65706,"href":"https:\/\/www.actualidadadiario.com\/index.php\/wp-json\/wp\/v2\/posts\/65704\/revisions\/65706"}],"wp:featuredmedia":[{"embeddable":true,"href":"https:\/\/www.actualidadadiario.com\/index.php\/wp-json\/wp\/v2\/media\/65705"}],"wp:attachment":[{"href":"https:\/\/www.actualidadadiario.com\/index.php\/wp-json\/wp\/v2\/media?parent=65704"}],"wp:term":[{"taxonomy":"category","embeddable":true,"href":"https:\/\/www.actualidadadiario.com\/index.php\/wp-json\/wp\/v2\/categories?post=65704"},{"taxonomy":"post_tag","embeddable":true,"href":"https:\/\/www.actualidadadiario.com\/index.php\/wp-json\/wp\/v2\/tags?post=65704"}],"curies":[{"name":"wp","href":"https:\/\/api.w.org\/{rel}","templated":true}]}}